{"id":64727,"date":"2020-07-27T13:04:59","date_gmt":"2020-07-27T16:04:59","guid":{"rendered":"https:\/\/www.actualidadadiario.com\/?p=64727"},"modified":"2020-07-30T16:01:43","modified_gmt":"2020-07-30T19:01:43","slug":"el-gobierno-presento-una-ampliacion-de-presupuesto","status":"publish","type":"post","link":"https:\/\/www.actualidadadiario.com\/index.php\/2020\/07\/27\/el-gobierno-presento-una-ampliacion-de-presupuesto\/","title":{"rendered":"El Gobierno present\u00f3 una ampliaci\u00f3n de presupuesto"},"content":{"rendered":"<p style=\"text-align: center;\"><em><strong>Contempla la emisi\u00f3n de nueva deuda, por USD1.500 millones, ampl\u00eda la asignaci\u00f3n directa a los municipios y propone una transferencia a la Anses para atender distintos programas vinculados con la pandemia de coronavirus, como el IFE<\/strong><\/em><\/p>\n<p>&nbsp;<\/p>\n<p>&nbsp;<\/p>\n<p>Alberto Fern\u00e1ndez encabez\u00f3 el plenario de la CTA: &#8220;Recibimos un Estado destruido, en condiciones pat\u00e9ticas&#8221;<\/p>\n<p>Los secretarios generales y adjuntos y los secretarios de juventud y de g\u00e9neros de todas las provincias del pa\u00eds respaldaron al presidente<\/p>\n<p>El presidente Alberto Fern\u00e1ndez participa este lunes de forma remota del plenario de la Central de Trabajadores Argentinos, que encabeza el sindicalista Hugo Yasky.<\/p>\n<p>&#8220;Hemos recibido un Estado absolutamente destruido. En condiciones francamente pat\u00e9ticas. Pero nos hemos impuesto la obligaci\u00f3n de preservar las empresas y las fuentes de trabajo&#8221;, manifest\u00f3 el primer mandatario.<\/p>\n<p>Fern\u00e1ndez consider\u00f3 que el Estado busca que aquel que est\u00e1 trabajando &#8220;tenga la tranquilidad de que ayudar\u00e1n a su empleador a pagar los salarios&#8221;.<\/p>\n<p>&#8220;No podemos seguir viviendo en ese pa\u00eds. Ese no es un pa\u00eds justo. Nadie que haya abrazado la pol\u00edtica puede quedar ausente del debate que supone integrar a todos los sectores de la sociedad a la sociedad argentina. Tenemos que proyectar un pa\u00eds en el que todos est\u00e9n incluidos&#8221;, indic\u00f3.<\/p>\n<p>&#8220;Fuimos v\u00edctimas de un capitalismo que le dio prioridad a lo financiero sobre lo productivo. Y lo productivo tiene que ser lo central. Cuando una empresa empieza a prestarle atenci\u00f3n a la timba financiera, el capitalismo empieza a debilitarse&#8221;, subray\u00f3.<\/p>\n<p>&#8220;Gracias por invitarme a ser parte de este plenario. Estamos viviendo un tiempo dif\u00edcil y \u00fanico en la Argentina y el mundo. El tiempo nos obliga a repensar el presente y el futuro&#8221;, asegur\u00f3 Fern\u00e1ndez.<\/p>\n<p>&#8220;Nadie sabe d\u00f3nde est\u00e1 el final de este tiempo de enfermedad que nos toca enfrentar. Sabemos que debemos dar esta pelea preservando la salud de la gente. No tiene sentido pensar en un futuro donde a las f\u00e1bricas la gente va a enfermarse&#8221;, expres\u00f3.<\/p>\n","protected":false},"excerpt":{"rendered":"<p>Contempla la emisi\u00f3n de nueva deuda, por USD1.500 millones, ampl\u00eda la asignaci\u00f3n directa a los municipios y propone una transferencia a la Anses para atender distintos programas vinculados con la pandemia de coronavirus, como el IFE &nbsp; &nbsp; Alberto Fern\u00e1ndez encabez\u00f3 el plenario de la CTA: &#8220;Recibimos un Estado destruido, en condiciones pat\u00e9ticas&#8221; Los secretarios generales y adjuntos y los secretarios de juventud y de g\u00e9neros de todas las provincias del pa\u00eds respaldaron al presidente El presidente Alberto Fern\u00e1ndez participa este lunes de forma remota del plenario de la Central&#8230;<\/p>\n","protected":false},"author":3,"featured_media":64728,"comment_status":"closed","ping_status":"closed","sticky":false,"template":"","format":"standard","meta":[],"categories":[18],"tags":[],"_links":{"self":[{"href":"https:\/\/www.actualidadadiario.com\/index.php\/wp-json\/wp\/v2\/posts\/64727"}],"collection":[{"href":"https:\/\/www.actualidadadiario.com\/index.php\/wp-json\/wp\/v2\/posts"}],"about":[{"href":"https:\/\/www.actualidadadiario.com\/index.php\/wp-json\/wp\/v2\/types\/post"}],"author":[{"embeddable":true,"href":"https:\/\/www.actualidadadiario.com\/index.php\/wp-json\/wp\/v2\/users\/3"}],"replies":[{"embeddable":true,"href":"https:\/\/www.actualidadadiario.com\/index.php\/wp-json\/wp\/v2\/comments?post=64727"}],"version-history":[{"count":1,"href":"https:\/\/www.actualidadadiario.com\/index.php\/wp-json\/wp\/v2\/posts\/64727\/revisions"}],"predecessor-version":[{"id":64729,"href":"https:\/\/www.actualidadadiario.com\/index.php\/wp-json\/wp\/v2\/posts\/64727\/revisions\/64729"}],"wp:featuredmedia":[{"embeddable":true,"href":"https:\/\/www.actualidadadiario.com\/index.php\/wp-json\/wp\/v2\/media\/64728"}],"wp:attachment":[{"href":"https:\/\/www.actualidadadiario.com\/index.php\/wp-json\/wp\/v2\/media?parent=64727"}],"wp:term":[{"taxonomy":"category","embeddable":true,"href":"https:\/\/www.actualidadadiario.com\/index.php\/wp-json\/wp\/v2\/categories?post=64727"},{"taxonomy":"post_tag","embeddable":true,"href":"https:\/\/www.actualidadadiario.com\/index.php\/wp-json\/wp\/v2\/tags?post=64727"}],"curies":[{"name":"wp","href":"https:\/\/api.w.org\/{rel}","templated":true}]}}