{"id":64711,"date":"2020-07-27T13:00:08","date_gmt":"2020-07-27T16:00:08","guid":{"rendered":"https:\/\/www.actualidadadiario.com\/?p=64711"},"modified":"2020-07-30T16:01:43","modified_gmt":"2020-07-30T19:01:43","slug":"incendios-en-del-delta-del-parana-siguen-sin-control","status":"publish","type":"post","link":"https:\/\/www.actualidadadiario.com\/index.php\/2020\/07\/27\/incendios-en-del-delta-del-parana-siguen-sin-control\/","title":{"rendered":"Incendios en del Delta del Paran\u00e1 siguen sin control"},"content":{"rendered":"<p style=\"text-align: center;\"><em><strong>Los incendios volvieron a generalizarse este domingo en las islas entrerrianas frente a la ciudad de Rosario. El humo ya se extiende a otras regiones cercanas<\/strong><\/em><\/p>\n<p>&nbsp;<\/p>\n<p>&nbsp;<\/p>\n<p>Los incendios volvieron a generalizarse este domingo en las islas entrerrianas del r\u00edo Paran\u00e1 situadas frente a la ciudad de Rosario. El humo ya se extiende a otras regiones cercanas.<\/p>\n<p>Luego de los esfuerzos realizados para controlar los focos por parte de brigadistas tanto de la Naci\u00f3n como de las provincias de Santa Fe y Entre R\u00edos, y de tres d\u00edas de calma, las llamas volvieron a envolver a las islas y el humo empezaba a afectar a Rosario.<\/p>\n<p>El intendente de Rosario, Pablo Javkin, dijo que la justicia &#8220;meta preso a los responsables de los incendios&#8221;.<\/p>\n<p>&#8220;Hace tres d\u00edas estaban trabajando los brigadistas. Hay un enorme esfuerzo, pero no hay prevenci\u00f3n&#8221;, se quej\u00f3 el jefe comunal, en declaraciones a un canal de noticias.<\/p>\n<p>Javikn estim\u00f3 que los aviones hidrantes enviados por la Naci\u00f3n volver\u00e1n a trabajar a partir de este lunes, mientras que advirti\u00f3 que &#8220;hay monitoreos&#8221; que permitir\u00edan determinar los responsables de los incendios.<\/p>\n<p>El intendente se\u00f1al\u00f3 que los principales aportes para controlar los incendios en las islas son de los ministerios de Seguridad y Defensa de la Naci\u00f3n.<\/p>\n<p>Anteriormente, el ministro de Ambiente y Desarrollo Sostenible de la Naci\u00f3n, Juan Cabandi\u00e9, manifest\u00f3 la necesidad de &#8220;encontrar una soluci\u00f3n de fondo a los incendios en las islas del delta del Paran\u00e1, ya que es hora de terminar con estos ecocidios&#8221;.<\/p>\n<p>El ministro detall\u00f3 a funcionarios de las provincias de Buenos Aires, Santa Fe y Entre R\u00edos y organizaciones de la sociedad civil las l\u00edneas estrat\u00e9gicas para la conservaci\u00f3n y el uso sostenible del delta del Paran\u00e1, afectado por las reiteradas quemas de pastizales que pusieron en peligro los humedales de la zona.<\/p>\n<p>Cabandi\u00e9 destac\u00f3 que trabaja, en el marco del Plan Integral Estrat\u00e9gico para la Conservaci\u00f3n y el Aprovechamiento Sostenible del Delta del R\u00edo Paran\u00e1 (Piecas), en una iniciativa &#8220;de faros de conservaci\u00f3n, para constituir nodos de una red de \u00e1reas protegidas estrictas&#8221;.<\/p>\n<p>El ministro apunt\u00f3 a fortalecer la presencia institucional en la zona &#8220;mediante una importante asignaci\u00f3n de recursos -como lanchas, cuatriciclos, motos, drones, torres de control, equipos de monitoreo ambiental y de comunicaci\u00f3n- y presencia permanente de personal.<\/p>\n<p>En esta l\u00ednea, Cabandi\u00e9 indic\u00f3: &#8220;Junto con la Administraci\u00f3n de Parques Nacionales y los tres Gobiernos provinciales, tenemos que encontrar una soluci\u00f3n de fondo, ya es hora de terminar con estos ecocidios&#8221;.<\/p>\n<p>Erika Gonnet, ministra de Ambiente y Cambio Clim\u00e1tico de Santa Fe, y Mart\u00edn Barbieri, secretario de Ambiente de Entre R\u00edos, agradecieron los recursos destinados para el control de los incendios.<\/p>\n<p>Por su parte, Juan Brardinelli, director ejecutivo del Organismo Provincial para el Desarrollo Sostenible (OPDS) de la provincia de Buenos Aires, destac\u00f3 al Piecas como instancia de coordinaci\u00f3n de pol\u00edticas para el humedal.<\/p>\n","protected":false},"excerpt":{"rendered":"<p>Los incendios volvieron a generalizarse este domingo en las islas entrerrianas frente a la ciudad de Rosario. El humo ya se extiende a otras regiones cercanas &nbsp; &nbsp; Los incendios volvieron a generalizarse este domingo en las islas entrerrianas del r\u00edo Paran\u00e1 situadas frente a la ciudad de Rosario. El humo ya se extiende a otras regiones cercanas. Luego de los esfuerzos realizados para controlar los focos por parte de brigadistas tanto de la Naci\u00f3n como de las provincias de Santa Fe y Entre R\u00edos, y de tres d\u00edas de&#8230;<\/p>\n","protected":false},"author":3,"featured_media":64712,"comment_status":"closed","ping_status":"closed","sticky":false,"template":"","format":"standard","meta":[],"categories":[2],"tags":[],"_links":{"self":[{"href":"https:\/\/www.actualidadadiario.com\/index.php\/wp-json\/wp\/v2\/posts\/64711"}],"collection":[{"href":"https:\/\/www.actualidadadiario.com\/index.php\/wp-json\/wp\/v2\/posts"}],"about":[{"href":"https:\/\/www.actualidadadiario.com\/index.php\/wp-json\/wp\/v2\/types\/post"}],"author":[{"embeddable":true,"href":"https:\/\/www.actualidadadiario.com\/index.php\/wp-json\/wp\/v2\/users\/3"}],"replies":[{"embeddable":true,"href":"https:\/\/www.actualidadadiario.com\/index.php\/wp-json\/wp\/v2\/comments?post=64711"}],"version-history":[{"count":1,"href":"https:\/\/www.actualidadadiario.com\/index.php\/wp-json\/wp\/v2\/posts\/64711\/revisions"}],"predecessor-version":[{"id":64713,"href":"https:\/\/www.actualidadadiario.com\/index.php\/wp-json\/wp\/v2\/posts\/64711\/revisions\/64713"}],"wp:featuredmedia":[{"embeddable":true,"href":"https:\/\/www.actualidadadiario.com\/index.php\/wp-json\/wp\/v2\/media\/64712"}],"wp:attachment":[{"href":"https:\/\/www.actualidadadiario.com\/index.php\/wp-json\/wp\/v2\/media?parent=64711"}],"wp:term":[{"taxonomy":"category","embeddable":true,"href":"https:\/\/www.actualidadadiario.com\/index.php\/wp-json\/wp\/v2\/categories?post=64711"},{"taxonomy":"post_tag","embeddable":true,"href":"https:\/\/www.actualidadadiario.com\/index.php\/wp-json\/wp\/v2\/tags?post=64711"}],"curies":[{"name":"wp","href":"https:\/\/api.w.org\/{rel}","templated":true}]}}