{"id":64705,"date":"2020-07-27T12:57:34","date_gmt":"2020-07-27T15:57:34","guid":{"rendered":"https:\/\/www.actualidadadiario.com\/?p=64705"},"modified":"2020-07-30T16:01:50","modified_gmt":"2020-07-30T19:01:50","slug":"contrastes-se-abre-chaco-mientras-jujuy-atraviesa-una-desolada-cuarentena","status":"publish","type":"post","link":"https:\/\/www.actualidadadiario.com\/index.php\/2020\/07\/27\/contrastes-se-abre-chaco-mientras-jujuy-atraviesa-una-desolada-cuarentena\/","title":{"rendered":"Contrastes: se abre Chaco, mientras Jujuy atraviesa una desolada cuarentena"},"content":{"rendered":"<p style=\"text-align: center;\"><em><strong>El rebrote de casos en el interior implica un desaf\u00edo adicional a lo que ocurre en el Amba y en estas dos provincias. Semana clave<\/strong><\/em><\/p>\n<p>&nbsp;<\/p>\n<p>&nbsp;<\/p>\n<p>Dos provincias golpeadas por el coronavirus -aunque con diferente historial- arrojan postales de fuertes contrastes: Jujuy vivi\u00f3 un domingo de aislamiento social absoluto, incluso sin apertura de supermercados, mientras que en Chaco arranc\u00f3 el proceso de \u201cdesescalada\u201d progresiva, que contempla flexibilizaciones en tres fases si las condiciones epidemiol\u00f3gicas lo permiten.<\/p>\n<p>Las estad\u00edsticas muestran datos delicados para ambas. En tierra chaque\u00f1a el coronavirus golpe\u00f3 de manera temprana y sostenida y ten\u00eda en la ma\u00f1ana de ayer 3260 casos confirmados y 136 fallecidos, mientras que los juje\u00f1os, tras meses auspiciosos, acumularon en las \u00faltimas semanas 1580 contagios y 46 muertos.<\/p>\n<p>Al encabezar su reporte diario matutino, la secretaria de Acceso a la Salud nacional, Carla Vizzotti, advirti\u00f3 de manera taxativa que el desaf\u00edo excede largamente al AMBA, al remarcar que entre el 11 y el 25 de julio los casos en el \u00c1rea Metropolitana de Buenos Aires crecieron un 33,8% y en el resto del pa\u00eds un 51,2%.<\/p>\n<p>\u201cEl desaf\u00edo no es s\u00f3lo la regi\u00f3n metropolitana: estamos viendo aumentos de casos en todo el pa\u00eds, en departamentos donde no se hab\u00edan confirmado casos\u201d, donde se registran \u201cconglomerados y brotes a partir de personas que ingresan a esos lugares\u201d. De hecho, s\u00f3lo cuatro provincias -San Luis, San Juan, Formosa y Catamarca-no confirmaron casos el s\u00e1bado<\/p>\n<p>En el caso juje\u00f1o, en Fase 1 desde el 22 de julio y hasta el 2 de agosto, el radical Gerardo Morales defini\u00f3 para hoy un domingo sin actividades comerciales de ning\u00fan tipo, excepto farmacias y deliverys, en un intento de mitigar la escalada de casos. Lejos de los vientos de optimismo de meses anteriores &#8211; fueron incluso pioneros en materia de apertura de turismo interno-, ayer el panorama era de calles des\u00e9rticas en las distintas localidades, incluida la capital. El transporte p\u00fablico estuvo autorizado s\u00f3lo para \u201ctrabajadores esenciales\u201d, como personal de salud y fuerzas de seguridad.<\/p>\n<p>En tierra chaque\u00f1a, en cambio, el peronista Jorge Capitanich dise\u00f1\u00f3 una reapertura progresiva de actividades que incluye tres etapas, de entre 15 y 20 d\u00edas cada una.<\/p>\n<p>La primera arranc\u00f3 el s\u00e1bado con apertura de locales comerciales de lunes a s\u00e1bado entre las 8 y las 20 y con turnos (incluidas galer\u00edas comerciales y peluquer\u00edas), el trabajo de profesiones liberales y personal de casas particulares, el permiso para actividades f\u00edsicas al aire libre y salidas con chicos entre las 16 y las 19. \u201cInformamos al jefe de Gabinete, Santiago Cafiero, del plan de desescalada, que tuvo un ampl\u00edsimo nivel de consenso con todos los actores pol\u00edticos, sociales y econ\u00f3micos\u201d, dijo. Adem\u00e1s destac\u00f3 el \u201cmejoramiento sustantivo de los indicadores\u201d, aunque aclar\u00f3 que no implica \u201cno tener aislamiento\u201d social.<\/p>\n","protected":false},"excerpt":{"rendered":"<p>El rebrote de casos en el interior implica un desaf\u00edo adicional a lo que ocurre en el Amba y en estas dos provincias. Semana clave &nbsp; &nbsp; Dos provincias golpeadas por el coronavirus -aunque con diferente historial- arrojan postales de fuertes contrastes: Jujuy vivi\u00f3 un domingo de aislamiento social absoluto, incluso sin apertura de supermercados, mientras que en Chaco arranc\u00f3 el proceso de \u201cdesescalada\u201d progresiva, que contempla flexibilizaciones en tres fases si las condiciones epidemiol\u00f3gicas lo permiten. Las estad\u00edsticas muestran datos delicados para ambas. En tierra chaque\u00f1a el coronavirus golpe\u00f3&#8230;<\/p>\n","protected":false},"author":3,"featured_media":64706,"comment_status":"closed","ping_status":"closed","sticky":false,"template":"","format":"standard","meta":[],"categories":[9],"tags":[],"_links":{"self":[{"href":"https:\/\/www.actualidadadiario.com\/index.php\/wp-json\/wp\/v2\/posts\/64705"}],"collection":[{"href":"https:\/\/www.actualidadadiario.com\/index.php\/wp-json\/wp\/v2\/posts"}],"about":[{"href":"https:\/\/www.actualidadadiario.com\/index.php\/wp-json\/wp\/v2\/types\/post"}],"author":[{"embeddable":true,"href":"https:\/\/www.actualidadadiario.com\/index.php\/wp-json\/wp\/v2\/users\/3"}],"replies":[{"embeddable":true,"href":"https:\/\/www.actualidadadiario.com\/index.php\/wp-json\/wp\/v2\/comments?post=64705"}],"version-history":[{"count":1,"href":"https:\/\/www.actualidadadiario.com\/index.php\/wp-json\/wp\/v2\/posts\/64705\/revisions"}],"predecessor-version":[{"id":64707,"href":"https:\/\/www.actualidadadiario.com\/index.php\/wp-json\/wp\/v2\/posts\/64705\/revisions\/64707"}],"wp:featuredmedia":[{"embeddable":true,"href":"https:\/\/www.actualidadadiario.com\/index.php\/wp-json\/wp\/v2\/media\/64706"}],"wp:attachment":[{"href":"https:\/\/www.actualidadadiario.com\/index.php\/wp-json\/wp\/v2\/media?parent=64705"}],"wp:term":[{"taxonomy":"category","embeddable":true,"href":"https:\/\/www.actualidadadiario.com\/index.php\/wp-json\/wp\/v2\/categories?post=64705"},{"taxonomy":"post_tag","embeddable":true,"href":"https:\/\/www.actualidadadiario.com\/index.php\/wp-json\/wp\/v2\/tags?post=64705"}],"curies":[{"name":"wp","href":"https:\/\/api.w.org\/{rel}","templated":true}]}}