{"id":64703,"date":"2020-07-27T12:56:31","date_gmt":"2020-07-27T15:56:31","guid":{"rendered":"https:\/\/www.actualidadadiario.com\/?p=64703"},"modified":"2020-07-30T16:01:50","modified_gmt":"2020-07-30T19:01:50","slug":"agmer-definio-un-plan-de-accion-con-cinco-dias-de-desconexion-virtual","status":"publish","type":"post","link":"https:\/\/www.actualidadadiario.com\/index.php\/2020\/07\/27\/agmer-definio-un-plan-de-accion-con-cinco-dias-de-desconexion-virtual\/","title":{"rendered":"Agmer defini\u00f3 un plan de acci\u00f3n con cinco d\u00edas de desconexi\u00f3n virtual"},"content":{"rendered":"<p style=\"text-align: center;\"><em><strong>Desde este lunes Agmer realiza una desconexi\u00f3n virtual de 72 horas en todo el sistema educativo, y prev\u00e9 otra de 48 horas para la semana pr\u00f3xima. Las medidas fueron resueltas durante el Plenario de secretarios generales que se realiz\u00f3 el viernes 24 de julio, que adem\u00e1s rechaz\u00f3 la ley de emergencia y reclam\u00f3 la apertura de la paritaria salarial<\/strong><\/em><\/p>\n<p>&nbsp;<\/p>\n<p>&nbsp;<\/p>\n<p><strong>Agmer decidi\u00f3 establecer desconexi\u00f3n efectiva seg\u00fan el siguiente esquema:<\/strong><\/p>\n<p><strong>Primera semana:<\/strong> del 27 al 29 de julio, 3 d\u00edas de desconexi\u00f3n.<\/p>\n<p><strong>Segunda semana:<\/strong> el 6 y 7 de agosto, 2 d\u00edas de desconexi\u00f3n corridos.<\/p>\n<p>El plan de acci\u00f3n incluye la presentaci\u00f3n de las acciones judiciales definidas en consenso con otros sindicatos de trabajadores estatales el d\u00eda 27 de julio en el marco de lucha por la derogaci\u00f3n de los Art 4,5 y 6 de la ley de emergencia; y la convocatoria a la comisi\u00f3n del salario y nomenclador en la semana del 27 al 31 de julio.<\/p>\n<p>&nbsp;<\/p>\n<p><strong>Adem\u00e1s, el Plenario de Agmer resolvi\u00f3 los siguientes puntos:<\/strong><\/p>\n<p>&#8211; Definir el d\u00eda 5 de agosto una Jornada de trabajo sindical on line de 2hs en el marco de las Jornadas Institucionales.<\/p>\n<p>&#8211; Emplazar y exigir al Gobierno provincial a que convoque a la continuidad de la paritaria docente para presentar una oferta salarial.<\/p>\n<p>&#8211; Consensuar en el marco del sindicato un documento para trabajar en las jornadas institucionales.<\/p>\n<p>&#8211;\u00a0 Conformar una Comisi\u00f3n de Obras Sociales.<\/p>\n","protected":false},"excerpt":{"rendered":"<p>Desde este lunes Agmer realiza una desconexi\u00f3n virtual de 72 horas en todo el sistema educativo, y prev\u00e9 otra de 48 horas para la semana pr\u00f3xima. Las medidas fueron resueltas durante el Plenario de secretarios generales que se realiz\u00f3 el viernes 24 de julio, que adem\u00e1s rechaz\u00f3 la ley de emergencia y reclam\u00f3 la apertura de la paritaria salarial &nbsp; &nbsp; Agmer decidi\u00f3 establecer desconexi\u00f3n efectiva seg\u00fan el siguiente esquema: Primera semana: del 27 al 29 de julio, 3 d\u00edas de desconexi\u00f3n. Segunda semana: el 6 y 7 de agosto,&#8230;<\/p>\n","protected":false},"author":3,"featured_media":20804,"comment_status":"closed","ping_status":"closed","sticky":false,"template":"","format":"standard","meta":[],"categories":[15],"tags":[],"_links":{"self":[{"href":"https:\/\/www.actualidadadiario.com\/index.php\/wp-json\/wp\/v2\/posts\/64703"}],"collection":[{"href":"https:\/\/www.actualidadadiario.com\/index.php\/wp-json\/wp\/v2\/posts"}],"about":[{"href":"https:\/\/www.actualidadadiario.com\/index.php\/wp-json\/wp\/v2\/types\/post"}],"author":[{"embeddable":true,"href":"https:\/\/www.actualidadadiario.com\/index.php\/wp-json\/wp\/v2\/users\/3"}],"replies":[{"embeddable":true,"href":"https:\/\/www.actualidadadiario.com\/index.php\/wp-json\/wp\/v2\/comments?post=64703"}],"version-history":[{"count":1,"href":"https:\/\/www.actualidadadiario.com\/index.php\/wp-json\/wp\/v2\/posts\/64703\/revisions"}],"predecessor-version":[{"id":64704,"href":"https:\/\/www.actualidadadiario.com\/index.php\/wp-json\/wp\/v2\/posts\/64703\/revisions\/64704"}],"wp:featuredmedia":[{"embeddable":true,"href":"https:\/\/www.actualidadadiario.com\/index.php\/wp-json\/wp\/v2\/media\/20804"}],"wp:attachment":[{"href":"https:\/\/www.actualidadadiario.com\/index.php\/wp-json\/wp\/v2\/media?parent=64703"}],"wp:term":[{"taxonomy":"category","embeddable":true,"href":"https:\/\/www.actualidadadiario.com\/index.php\/wp-json\/wp\/v2\/categories?post=64703"},{"taxonomy":"post_tag","embeddable":true,"href":"https:\/\/www.actualidadadiario.com\/index.php\/wp-json\/wp\/v2\/tags?post=64703"}],"curies":[{"name":"wp","href":"https:\/\/api.w.org\/{rel}","templated":true}]}}