{"id":64701,"date":"2020-07-27T12:55:46","date_gmt":"2020-07-27T15:55:46","guid":{"rendered":"https:\/\/www.actualidadadiario.com\/?p=64701"},"modified":"2020-07-30T16:01:51","modified_gmt":"2020-07-30T19:01:51","slug":"en-el-comienzo-de-la-semana-entre-rios-registro-cuatro-nuevos-casos-de-coronavirus","status":"publish","type":"post","link":"https:\/\/www.actualidadadiario.com\/index.php\/2020\/07\/27\/en-el-comienzo-de-la-semana-entre-rios-registro-cuatro-nuevos-casos-de-coronavirus\/","title":{"rendered":"En el comienzo de la semana, Entre R\u00edos registr\u00f3 cuatro nuevos casos de coronavirus"},"content":{"rendered":"<p style=\"text-align: center;\"><em><strong>Este lunes, el \u00e1rea de Vigilancia Epidemiol\u00f3gica del Ministerio de Salud inform\u00f3 que se han detectado cuatro contagios en la provincia<\/strong><\/em><\/p>\n<p>&nbsp;<\/p>\n<p>Los 3 primeros corresponden a la ciudad de Gualeguaych\u00fa, 1 es contacto estrecho de paciente con Covid-19 y los 2 restantes sus nexos epidemiol\u00f3gicos se encuentran en investigaci\u00f3n.<\/p>\n<p>Finalmente el \u00faltimo corresponde a la ciudad de Paran\u00e1 y su nexo se encuentra en investigaci\u00f3n.<\/p>\n<p>De ese modo, en la provincia son 755 los casos confirmados.<\/p>\n","protected":false},"excerpt":{"rendered":"<p>Este lunes, el \u00e1rea de Vigilancia Epidemiol\u00f3gica del Ministerio de Salud inform\u00f3 que se han detectado cuatro contagios en la provincia &nbsp; Los 3 primeros corresponden a la ciudad de Gualeguaych\u00fa, 1 es contacto estrecho de paciente con Covid-19 y los 2 restantes sus nexos epidemiol\u00f3gicos se encuentran en investigaci\u00f3n. Finalmente el \u00faltimo corresponde a la ciudad de Paran\u00e1 y su nexo se encuentra en investigaci\u00f3n. De ese modo, en la provincia son 755 los casos confirmados.<\/p>\n","protected":false},"author":3,"featured_media":62875,"comment_status":"closed","ping_status":"closed","sticky":false,"template":"","format":"standard","meta":[],"categories":[15],"tags":[],"_links":{"self":[{"href":"https:\/\/www.actualidadadiario.com\/index.php\/wp-json\/wp\/v2\/posts\/64701"}],"collection":[{"href":"https:\/\/www.actualidadadiario.com\/index.php\/wp-json\/wp\/v2\/posts"}],"about":[{"href":"https:\/\/www.actualidadadiario.com\/index.php\/wp-json\/wp\/v2\/types\/post"}],"author":[{"embeddable":true,"href":"https:\/\/www.actualidadadiario.com\/index.php\/wp-json\/wp\/v2\/users\/3"}],"replies":[{"embeddable":true,"href":"https:\/\/www.actualidadadiario.com\/index.php\/wp-json\/wp\/v2\/comments?post=64701"}],"version-history":[{"count":1,"href":"https:\/\/www.actualidadadiario.com\/index.php\/wp-json\/wp\/v2\/posts\/64701\/revisions"}],"predecessor-version":[{"id":64702,"href":"https:\/\/www.actualidadadiario.com\/index.php\/wp-json\/wp\/v2\/posts\/64701\/revisions\/64702"}],"wp:featuredmedia":[{"embeddable":true,"href":"https:\/\/www.actualidadadiario.com\/index.php\/wp-json\/wp\/v2\/media\/62875"}],"wp:attachment":[{"href":"https:\/\/www.actualidadadiario.com\/index.php\/wp-json\/wp\/v2\/media?parent=64701"}],"wp:term":[{"taxonomy":"category","embeddable":true,"href":"https:\/\/www.actualidadadiario.com\/index.php\/wp-json\/wp\/v2\/categories?post=64701"},{"taxonomy":"post_tag","embeddable":true,"href":"https:\/\/www.actualidadadiario.com\/index.php\/wp-json\/wp\/v2\/tags?post=64701"}],"curies":[{"name":"wp","href":"https:\/\/api.w.org\/{rel}","templated":true}]}}