{"id":64689,"date":"2020-07-27T12:52:33","date_gmt":"2020-07-27T15:52:33","guid":{"rendered":"https:\/\/www.actualidadadiario.com\/?p=64689"},"modified":"2020-07-30T16:01:51","modified_gmt":"2020-07-30T19:01:51","slug":"reducen-un-50-por-ciento-el-cupo-de-extraccion-y-acopio-de-peces-en-la-provincia","status":"publish","type":"post","link":"https:\/\/www.actualidadadiario.com\/index.php\/2020\/07\/27\/reducen-un-50-por-ciento-el-cupo-de-extraccion-y-acopio-de-peces-en-la-provincia\/","title":{"rendered":"Reducen un 50 por ciento el cupo de extracci\u00f3n y acopio de peces en la provincia"},"content":{"rendered":"<p style=\"text-align: center;\"><em><strong>La Direcci\u00f3n de Recursos Naturales, dependiente de la Secretar\u00eda de Agricultura y Ganader\u00eda, dispuso reducir en un 50 por ciento el cupo de extracci\u00f3n total de pescado sobre el r\u00edo Paran\u00e1 con jurisdicci\u00f3n provincial, entre julio y diciembre<\/strong><\/em><\/p>\n<p>&nbsp;<\/p>\n<p>&nbsp;<\/p>\n<p>La medida, aprobada mediante resoluci\u00f3n 804, responde en principio a la disposici\u00f3n judicial en respuesta a una demanda en ese sentido, por lo cual se insta al gobierno provincial a evaluar medidas de protecci\u00f3n efectivas que garanticen la recuperaci\u00f3n y uso sustentable del recurso ict\u00edcola.<\/p>\n<p>Adem\u00e1s, forma parte del trabajo que viene desarrollando el Ministerio de Producci\u00f3n, teniendo en cuenta que los problemas que acontecieron a partir de la bajante extraordinaria, no s\u00f3lo afectaron la actividad productiva -espec\u00edficamente la pesca-, sino adem\u00e1s cuestiones de preservaci\u00f3n del ambiente tales como el recurso agua y la fauna ict\u00edcola que la habita.<\/p>\n<p>La Direcci\u00f3n de Recursos Naturales, como autoridad local de aplicaci\u00f3n de la ley provincial de pesca, contin\u00faa tomando las medidas que considera necesarias para enfrentar esta bajante hist\u00f3rica de los niveles hidrom\u00e9tricos del r\u00edo Paran\u00e1.<\/p>\n<p>Desde la repartici\u00f3n provincial, se\u00f1alaron que \u201cse estableci\u00f3 un cupo de extracci\u00f3n y acopio total de pescado de r\u00edo de jurisdicci\u00f3n provincial para los meses de julio a diciembre, de 3.273,26 toneladas, para la especie s\u00e1balo y el denominado pescado de l\u00ednea -especies comerciales acompa\u00f1antes, seg\u00fan terminolog\u00eda Ebipes (Evaluaci\u00f3n Biol\u00f3gica y Pesquera de Especies del R\u00edo Paran\u00e1)\u201d.<\/p>\n<p>Cabe destacar que la resoluci\u00f3n se ajusta a \u201clos lineamientos fijados por las autoridades interjurisdiccionales obtenidos de la Comisi\u00f3n de Pesca Continental para la reducci\u00f3n del cupo de exportaci\u00f3n\u201d, seg\u00fan se\u00f1ala uno de sus considerandos.<\/p>\n<p>La asignaci\u00f3n de este cupo en particular ser\u00e1 realizada de conformidad al volumen de extracci\u00f3n registrado durante el ejercicio 2019 y con id\u00e9ntica reducci\u00f3n a la ordenada judicialmente, y teniendo en cuenta las particularidades propias de cada actor de la cadena pesquera.<\/p>\n<p>Para esto, seg\u00fan indicaron desde el organismo oficial, \u201cse fija un plazo hasta el 15 de agosto de 2020 para que las pesquer\u00edas realicen la presentaci\u00f3n de una solicitud, indicando el volumen a extraer durante el per\u00edodo julio a diciembre de 2020, en funci\u00f3n a un fraccionamiento mensual razonable. En caso de no presentarse a t\u00e9rmino, la asignaci\u00f3n de los cupos ser\u00e1 realizada de oficio por la Direcci\u00f3n de Recursos Naturales de la provincia\u201d.<\/p>\n<p>Asimismo, se aclar\u00f3 que en el caso de los frigor\u00edficos con autorizaci\u00f3n para exportar, el volumen de extracci\u00f3n y acopio ser\u00e1 determinado conforme a pautas precedentes, ponderadas seg\u00fan porcentajes promedio de las asignaciones de cupos de exportaci\u00f3n emitidos por la Subsecretar\u00eda de Pesca y Acuicultura dependiente del Ministerio de Agricultura, Ganader\u00eda y Pesca de la Naci\u00f3n\u201d.<\/p>\n<p>Adem\u00e1s, la presente resoluci\u00f3n dispone la no emisi\u00f3n de gu\u00edas de transporte de productos de la pesca una vez alcanzados lo vol\u00famenes autorizados.<\/p>\n<p>Por otro lado, ratifica la prohibici\u00f3n de la pesca comercial y deportiva en aguas del r\u00edo Paran\u00e1 de jurisdicci\u00f3n provincial y de acopio de productos de pesca los d\u00edas martes (de 00 a 24 horas), viernes desde las 00.00. hasta el domingo a las 24; feriados nacionales y provinciales por el t\u00e9rmino de ciento veinte d\u00edas corridos, por lo que en virtud del principio de econom\u00eda procesal corresponde condensar los mandatos dictados por el \u00f3rgano jurisdiccional interviniente en \u00fanico acto administrativo\u201d.<\/p>\n","protected":false},"excerpt":{"rendered":"<p>La Direcci\u00f3n de Recursos Naturales, dependiente de la Secretar\u00eda de Agricultura y Ganader\u00eda, dispuso reducir en un 50 por ciento el cupo de extracci\u00f3n total de pescado sobre el r\u00edo Paran\u00e1 con jurisdicci\u00f3n provincial, entre julio y diciembre &nbsp; &nbsp; La medida, aprobada mediante resoluci\u00f3n 804, responde en principio a la disposici\u00f3n judicial en respuesta a una demanda en ese sentido, por lo cual se insta al gobierno provincial a evaluar medidas de protecci\u00f3n efectivas que garanticen la recuperaci\u00f3n y uso sustentable del recurso ict\u00edcola. Adem\u00e1s, forma parte del trabajo&#8230;<\/p>\n","protected":false},"author":3,"featured_media":64690,"comment_status":"closed","ping_status":"closed","sticky":false,"template":"","format":"standard","meta":[],"categories":[15],"tags":[],"_links":{"self":[{"href":"https:\/\/www.actualidadadiario.com\/index.php\/wp-json\/wp\/v2\/posts\/64689"}],"collection":[{"href":"https:\/\/www.actualidadadiario.com\/index.php\/wp-json\/wp\/v2\/posts"}],"about":[{"href":"https:\/\/www.actualidadadiario.com\/index.php\/wp-json\/wp\/v2\/types\/post"}],"author":[{"embeddable":true,"href":"https:\/\/www.actualidadadiario.com\/index.php\/wp-json\/wp\/v2\/users\/3"}],"replies":[{"embeddable":true,"href":"https:\/\/www.actualidadadiario.com\/index.php\/wp-json\/wp\/v2\/comments?post=64689"}],"version-history":[{"count":1,"href":"https:\/\/www.actualidadadiario.com\/index.php\/wp-json\/wp\/v2\/posts\/64689\/revisions"}],"predecessor-version":[{"id":64691,"href":"https:\/\/www.actualidadadiario.com\/index.php\/wp-json\/wp\/v2\/posts\/64689\/revisions\/64691"}],"wp:featuredmedia":[{"embeddable":true,"href":"https:\/\/www.actualidadadiario.com\/index.php\/wp-json\/wp\/v2\/media\/64690"}],"wp:attachment":[{"href":"https:\/\/www.actualidadadiario.com\/index.php\/wp-json\/wp\/v2\/media?parent=64689"}],"wp:term":[{"taxonomy":"category","embeddable":true,"href":"https:\/\/www.actualidadadiario.com\/index.php\/wp-json\/wp\/v2\/categories?post=64689"},{"taxonomy":"post_tag","embeddable":true,"href":"https:\/\/www.actualidadadiario.com\/index.php\/wp-json\/wp\/v2\/tags?post=64689"}],"curies":[{"name":"wp","href":"https:\/\/api.w.org\/{rel}","templated":true}]}}