{"id":64687,"date":"2020-07-24T13:43:16","date_gmt":"2020-07-24T16:43:16","guid":{"rendered":"https:\/\/www.actualidadadiario.com\/?p=64687"},"modified":"2020-07-30T16:01:51","modified_gmt":"2020-07-30T19:01:51","slug":"bill-gates-se-canso-de-las-teorias-conspirativas-que-lo-acusan-por-el-coronavirus","status":"publish","type":"post","link":"https:\/\/www.actualidadadiario.com\/index.php\/2020\/07\/24\/bill-gates-se-canso-de-las-teorias-conspirativas-que-lo-acusan-por-el-coronavirus\/","title":{"rendered":"Bill Gates se cans\u00f3 de las teor\u00edas conspirativas que lo acusan por el coronavirus"},"content":{"rendered":"<p style=\"text-align: center;\"><em><strong>El fundador de Microsoft dijo que se deben a &#8220;una mala combinaci\u00f3n de pandemia, redes sociales y gente que busca explicaciones sencillas&#8221;<\/strong><\/em><\/p>\n<p>&nbsp;<\/p>\n<p>El multimillonario estadounidense Bill Gates critic\u00f3 las teor\u00edas conspirativas que lo acusan en las redes sociales de haber provocado la pandemia de covid-19.<\/p>\n<p>&#8220;Es una mala combinaci\u00f3n de pandemia, redes sociales y gente que busca explicaciones sencillas&#8221;, declar\u00f3 en una entrevista para CNN.<\/p>\n<p>Falsos art\u00edculos de prensa y fotos trucadas de Gates se han viralizado en las redes sociales y han sido compartidas en numerosos idiomas. Un v\u00eddeo que acusa al fundador de Microsoft de querer &#8220;eliminar al 15% de la poblaci\u00f3n&#8221; aprovechando las vacunas ha sido visto millones de veces en YouTube.<\/p>\n<p>&#8220;Nuestra fundaci\u00f3n ha dado m\u00e1s dinero que cualquier otro grupo para comprar vacunas con el fin de salvar vidas&#8221;, declar\u00f3 Gates, que dijo esperar que esas teor\u00edas no lleven a la gente a rechazar la vacuna contra el coronavirus cuando est\u00e9 lista.<\/p>\n<p>El fil\u00e1ntropo dio u$s250 millones para la lucha contra la pandemia de Covid-19, y su fundaci\u00f3n ha invertido miles de millones de d\u00f3lares en los \u00faltimos 20 a\u00f1os para mejorar los sistemas de salud en los pa\u00edses m\u00e1s pobres.<\/p>\n<p>Entre las acusaciones vertidas contra Gates en las redes sociales, se le atribuye la voluntad de querer aprovechar la crisis para &#8220;controlar a la gente&#8221; y de urdir un complot para envenenar a numerosos habitantes de \u00c1frica.<\/p>\n<p>&#8220;Creo realmente que se reconocer\u00e1 la verdad y esas teor\u00edas conspirativas ser\u00e1n desbaratadas&#8221;, a\u00f1adi\u00f3 el multimillonario.<\/p>\n","protected":false},"excerpt":{"rendered":"<p>El fundador de Microsoft dijo que se deben a &#8220;una mala combinaci\u00f3n de pandemia, redes sociales y gente que busca explicaciones sencillas&#8221; &nbsp; El multimillonario estadounidense Bill Gates critic\u00f3 las teor\u00edas conspirativas que lo acusan en las redes sociales de haber provocado la pandemia de covid-19. &#8220;Es una mala combinaci\u00f3n de pandemia, redes sociales y gente que busca explicaciones sencillas&#8221;, declar\u00f3 en una entrevista para CNN. Falsos art\u00edculos de prensa y fotos trucadas de Gates se han viralizado en las redes sociales y han sido compartidas en numerosos idiomas. Un&#8230;<\/p>\n","protected":false},"author":3,"featured_media":40655,"comment_status":"closed","ping_status":"closed","sticky":false,"template":"","format":"standard","meta":[],"categories":[4],"tags":[],"_links":{"self":[{"href":"https:\/\/www.actualidadadiario.com\/index.php\/wp-json\/wp\/v2\/posts\/64687"}],"collection":[{"href":"https:\/\/www.actualidadadiario.com\/index.php\/wp-json\/wp\/v2\/posts"}],"about":[{"href":"https:\/\/www.actualidadadiario.com\/index.php\/wp-json\/wp\/v2\/types\/post"}],"author":[{"embeddable":true,"href":"https:\/\/www.actualidadadiario.com\/index.php\/wp-json\/wp\/v2\/users\/3"}],"replies":[{"embeddable":true,"href":"https:\/\/www.actualidadadiario.com\/index.php\/wp-json\/wp\/v2\/comments?post=64687"}],"version-history":[{"count":1,"href":"https:\/\/www.actualidadadiario.com\/index.php\/wp-json\/wp\/v2\/posts\/64687\/revisions"}],"predecessor-version":[{"id":64688,"href":"https:\/\/www.actualidadadiario.com\/index.php\/wp-json\/wp\/v2\/posts\/64687\/revisions\/64688"}],"wp:featuredmedia":[{"embeddable":true,"href":"https:\/\/www.actualidadadiario.com\/index.php\/wp-json\/wp\/v2\/media\/40655"}],"wp:attachment":[{"href":"https:\/\/www.actualidadadiario.com\/index.php\/wp-json\/wp\/v2\/media?parent=64687"}],"wp:term":[{"taxonomy":"category","embeddable":true,"href":"https:\/\/www.actualidadadiario.com\/index.php\/wp-json\/wp\/v2\/categories?post=64687"},{"taxonomy":"post_tag","embeddable":true,"href":"https:\/\/www.actualidadadiario.com\/index.php\/wp-json\/wp\/v2\/tags?post=64687"}],"curies":[{"name":"wp","href":"https:\/\/api.w.org\/{rel}","templated":true}]}}