{"id":64678,"date":"2020-07-24T13:40:31","date_gmt":"2020-07-24T16:40:31","guid":{"rendered":"https:\/\/www.actualidadadiario.com\/?p=64678"},"modified":"2020-07-30T16:01:51","modified_gmt":"2020-07-30T19:01:51","slug":"brasil-vive-una-tragedia-peor-en-muertes-que-la-guerra-de-la-triple-alianza-segun-un-cientifico","status":"publish","type":"post","link":"https:\/\/www.actualidadadiario.com\/index.php\/2020\/07\/24\/brasil-vive-una-tragedia-peor-en-muertes-que-la-guerra-de-la-triple-alianza-segun-un-cientifico\/","title":{"rendered":"Brasil vive una tragedia peor en muertes que la Guerra de la Triple Alianza, seg\u00fan un cient\u00edfico"},"content":{"rendered":"<p style=\"text-align: center;\"><em><strong>Nicolelis, el neurocient\u00edfico m\u00e1s famoso de Brasil que comanda el comit\u00e9 contra el coronavirus del Consorcio Nordeste, afirm\u00f3 que su pa\u00eds vive la peor tragedia de su historia en apenas cuatro meses<\/strong><\/em><\/p>\n<p>&nbsp;<\/p>\n<p>&nbsp;<\/p>\n<p>Brasil vive una situaci\u00f3n descontrolada frente a la pandemia, que puede llegar a los 150.000 muertos en septiembre y podr\u00eda empeorar a\u00fan m\u00e1s con las elecciones municipales previstas para noviembre, advirti\u00f3 hoy el neurocient\u00edfico Miguel Nicolelis, el coordinador del comit\u00e9 contra el coronavirus de los nueve estados de la regi\u00f3n noreste.<\/p>\n<p>En una entrevista, Nicolelis, el neurocient\u00edfico m\u00e1s famoso de Brasil que comanda el comit\u00e9 contra el coronavirus del Consorcio Nordeste, afirm\u00f3 que su pa\u00eds vive la peor tragedia de su historia en apenas cuatro meses, con m\u00e1s muertos que en la Guerra de la Triple Alianza (1864-1870), en la cual 50.000 brasile\u00f1os murieron en un lapso de seis a\u00f1os.<\/p>\n<p>&#8220;Sin considerar el genocidio ind\u00edgena y la esclavitud que dur\u00f3 tres siglos, estamos hablando de cuatro meses de una tragedia hist\u00f3rica peor que la \u00fanica guerra en la que Brasil particip\u00f3, contra Paraguay, donde perdi\u00f3 50.000 soldados, s\u00f3lo que en seis a\u00f1os&#8221;, explic\u00f3.<\/p>\n<p>Elegido entre los 20 cient\u00edficos m\u00e1s destacados del mundo la d\u00e9cada pasada, Nicolelis es m\u00e9dico y profesor de la Universidad de Duke, Estados Unidos, de neurociencia, y atraviesa la pandemia en San Pablo, donde coordina el comit\u00e9 del Consorcio Nordeste, la regi\u00f3n donde se concentran los gobernadores opositores a Bolsonaro.<\/p>\n<p>&#8220;La pandemia est\u00e1 fuera de control y no hay Gobierno central para coordinar las acciones&#8221;, afirm\u00f3 Nicolelis cuando el pa\u00eds ya registra casi 2,3 millones de contagiados y m\u00e1s de 84.000 muertos.<\/p>\n<p>Adem\u00e1s, advirti\u00f3 sobre un posible &#8216;boomerang&#8217; en las grandes ciudades que hoy parecen estar estabiliz\u00e1ndose.<\/p>\n<p>Actualmente la fuerza de los contagios se ha ido hacia el interior de los estados luego de haber tenido picos en las grandes ciudades capitales, que en el noreste son, por ejemplo, Salvador, Recife, Fortaleza, Natal y Maranhao.<\/p>\n<p>&#8220;Existe mucha presi\u00f3n del sector empresarial contra los intendentes del interior para que abran las actividades y eso va a terminar siendo un boomerang para que las grandes ciudades vuelvan a tener otra ola de coronavirus&#8221;, alert\u00f3 el cient\u00edfico.<\/p>\n<p>Para Nicolelis, el &#8220;negacionismo&#8221; que existe en Estados Unidos con los seguidores del presidente Donald Trump tambi\u00e9n se refleja en el Brasil de Bolsonaro, alineado a Washington, y en otros pa\u00edses.<\/p>\n<p>&#8220;Hemos visto tambi\u00e9n manifestaciones contra las cuarentenas en Argentina, pero en ninguno de los casos se acerca a ser la mayor\u00eda de la poblaci\u00f3n&#8221;, dijo al ser consultado sobre los viajes de vacaciones escolares de julio que la clase media realiza en plena pandemia, sobre todo en los estados m\u00e1s afectados, San Pablo y R\u00edo de Janeiro.<\/p>\n<p>La regi\u00f3n noreste, con nueve estados, es la segunda del pa\u00eds m\u00e1s afectada, detr\u00e1s del sureste. Tiene m\u00e1s de 26.000 muertes y 735.000 casos registrados.<\/p>\n<p>&#8220;San Pablo fue el gran diseminador del virus porque no haber cerrado las rutas nacionales en marzo y abril para detener la pandemia llev\u00f3 los contagios en forma muy r\u00e1pida y constante. Tampoco se ha dejado de volar, los aeropuertos funcionan&#8221;, dijo.<\/p>\n<p>Las rutas nacionales y los aeropuertos dependen del Gobierno federal, quien hoy contin\u00faa neg\u00e1ndose a aprobar medidas restrictivas que puedan afectar a la econom\u00eda.<\/p>\n<p>Seg\u00fan el reconocido cient\u00edfico, otro factor fue el movimiento masivo de personas generado por el Carnaval en Recife, Salvador y Fortaleza: gente entrando y saliendo de Brasil.<\/p>\n<p>Para Nicolelis reci\u00e9n en 2021 habr\u00e1 vacuna y, por eso, es necesario un &#8216;lockdown&#8217; -como se conoce en Brasil al cierre obligatorio y controlado- como hicieron Sao Luiz, capital de Maranhao, y Fortaleza, de Cear\u00e1, algo que nunca ocurri\u00f3 en los principales focos del pa\u00eds: San Pablo y R\u00edo de Janeiro.<\/p>\n<p>&#8220;En noviembre tenemos elecciones municipales y mantenerlas a este nivel que vemos ahora puede ser dram\u00e1tico por la aglomeraci\u00f3n que genera. Entonces los intendentes comienzan a pensar en la elecci\u00f3n y no en la pandemia, con los gobiernos regionales dejados por el poder central a su suerte, al contrario de Argentina por ejemplo&#8221;, advirti\u00f3.<\/p>\n<p>Seg\u00fan Nicolelis, ejemplos como los de Estados Unidos, Israel y Corea del Sur muestran que las aperturas de las actividades puede tener resultados &#8220;dram\u00e1ticos&#8221; en centros urbanos importantes como R\u00edo de Janeiro y San Pablo.<\/p>\n<p>&#8220;Existe la posibilidad que en septiembre lleguemos a 150.000 muertos, las mesetas se van tornando ilusorias porque no hay personal m\u00e9dico para tantos meses de alta presi\u00f3n, no hablo apenas de camas de UTI (terapias intensivas), sino del personal m\u00e9dico, que est\u00e1 exhausto y est\u00e1 muriendo&#8221;, concluy\u00f3.<\/p>\n","protected":false},"excerpt":{"rendered":"<p>Nicolelis, el neurocient\u00edfico m\u00e1s famoso de Brasil que comanda el comit\u00e9 contra el coronavirus del Consorcio Nordeste, afirm\u00f3 que su pa\u00eds vive la peor tragedia de su historia en apenas cuatro meses &nbsp; &nbsp; Brasil vive una situaci\u00f3n descontrolada frente a la pandemia, que puede llegar a los 150.000 muertos en septiembre y podr\u00eda empeorar a\u00fan m\u00e1s con las elecciones municipales previstas para noviembre, advirti\u00f3 hoy el neurocient\u00edfico Miguel Nicolelis, el coordinador del comit\u00e9 contra el coronavirus de los nueve estados de la regi\u00f3n noreste. En una entrevista, Nicolelis, el&#8230;<\/p>\n","protected":false},"author":3,"featured_media":64679,"comment_status":"closed","ping_status":"closed","sticky":false,"template":"","format":"standard","meta":[],"categories":[4],"tags":[],"_links":{"self":[{"href":"https:\/\/www.actualidadadiario.com\/index.php\/wp-json\/wp\/v2\/posts\/64678"}],"collection":[{"href":"https:\/\/www.actualidadadiario.com\/index.php\/wp-json\/wp\/v2\/posts"}],"about":[{"href":"https:\/\/www.actualidadadiario.com\/index.php\/wp-json\/wp\/v2\/types\/post"}],"author":[{"embeddable":true,"href":"https:\/\/www.actualidadadiario.com\/index.php\/wp-json\/wp\/v2\/users\/3"}],"replies":[{"embeddable":true,"href":"https:\/\/www.actualidadadiario.com\/index.php\/wp-json\/wp\/v2\/comments?post=64678"}],"version-history":[{"count":1,"href":"https:\/\/www.actualidadadiario.com\/index.php\/wp-json\/wp\/v2\/posts\/64678\/revisions"}],"predecessor-version":[{"id":64680,"href":"https:\/\/www.actualidadadiario.com\/index.php\/wp-json\/wp\/v2\/posts\/64678\/revisions\/64680"}],"wp:featuredmedia":[{"embeddable":true,"href":"https:\/\/www.actualidadadiario.com\/index.php\/wp-json\/wp\/v2\/media\/64679"}],"wp:attachment":[{"href":"https:\/\/www.actualidadadiario.com\/index.php\/wp-json\/wp\/v2\/media?parent=64678"}],"wp:term":[{"taxonomy":"category","embeddable":true,"href":"https:\/\/www.actualidadadiario.com\/index.php\/wp-json\/wp\/v2\/categories?post=64678"},{"taxonomy":"post_tag","embeddable":true,"href":"https:\/\/www.actualidadadiario.com\/index.php\/wp-json\/wp\/v2\/tags?post=64678"}],"curies":[{"name":"wp","href":"https:\/\/api.w.org\/{rel}","templated":true}]}}