{"id":64675,"date":"2020-07-24T13:39:30","date_gmt":"2020-07-24T16:39:30","guid":{"rendered":"https:\/\/www.actualidadadiario.com\/?p=64675"},"modified":"2020-07-30T16:01:51","modified_gmt":"2020-07-30T19:01:51","slug":"espana-fuerte-repunte-de-casos-de-coronavirus-obliga-a-cerrar-playas-de-barcelona","status":"publish","type":"post","link":"https:\/\/www.actualidadadiario.com\/index.php\/2020\/07\/24\/espana-fuerte-repunte-de-casos-de-coronavirus-obliga-a-cerrar-playas-de-barcelona\/","title":{"rendered":"Espa\u00f1a: fuerte repunte de casos de coronavirus obliga a cerrar playas de Barcelona"},"content":{"rendered":"<p style=\"text-align: center;\"><em><strong>El n\u00famero de casos confirmados de coronavirus en Espa\u00f1a trep\u00f3 a 270.166 este jueves, con un aumento diario de 971 contagios, por encima de los 730 informados en la jornada previa, de acuerdo a los \u00faltimos datos publicados por el Ministerio de Sanidad<\/strong><\/em><\/p>\n<p>&nbsp;<\/p>\n<p>&nbsp;<\/p>\n<p>La aparici\u00f3n de nuevos brotes ha dado pie a la reimposici\u00f3n de restricciones en numerosas partes del pa\u00eds menos de un mes despu\u00e9s del levantamiento del estado de alarma, incluida la obligatoriedad de llevar mascarilla en todo momento en espacios p\u00fablicos en algunas comunidades aut\u00f3nomas.<\/p>\n<p>En tanto, el n\u00famero de muertos por la enfermedad en el pa\u00eds en los \u00faltimos siete d\u00edas fue de 7, ascendiendo la cifra total a 28.429 fallecidos, frente a los 28.426 registrados hasta el martes.<\/p>\n<p>Seg\u00fan datos de las autoridades sanitarias regionales, Catalu\u00f1a sum\u00f3 cientos de positivos en la \u00faltimas semana, con m\u00e1s de 200 la ciudad de Barcelona y m\u00e1s de 450 a toda el \u00e1rea metropolitana. No obstante, se contabilizan tambi\u00e9n a personas sometidas a test de anticuerpos, de ah\u00ed que los positivos sean un n\u00famero mayor que el total de Espa\u00f1a.<\/p>\n<p>Por este motivo, el gobierno regional adopt\u00f3 medidas y recomendaciones para frenar la expansi\u00f3n del brote local. Desde el viernes, los bares y restaurantes volvieron a reducir al 50% su ocupaci\u00f3n, cerraron gimnasios y centros de ocio y se recomend\u00f3 a los ciudadanos &#8220;no salir de casa&#8221; m\u00e1s que para lo imprescindible y tampoco ir a playa.<\/p>\n<p>Sin embargo, la imagen que dej\u00f3 el fin de semana fue la de playas con gente haciendo cola para entrar a la zona de la arena, si bien las autoridades municipales adoptaron medidas para garantizar el distanciamiento social. Para el pr\u00f3ximo fin de semana se limitar\u00e1n m\u00e1s los accesos a las playas de Barcelona.<\/p>\n<p>Tambi\u00e9n se pidi\u00f3 evitar el desplazamiento a segundas residencias en la costa, pero uno de cada tres veh\u00edculos que sali\u00f3 de Barcelona desde el viernes no volvi\u00f3, seg\u00fan el servicio catal\u00e1n de tr\u00e1fico.<\/p>\n","protected":false},"excerpt":{"rendered":"<p>El n\u00famero de casos confirmados de coronavirus en Espa\u00f1a trep\u00f3 a 270.166 este jueves, con un aumento diario de 971 contagios, por encima de los 730 informados en la jornada previa, de acuerdo a los \u00faltimos datos publicados por el Ministerio de Sanidad &nbsp; &nbsp; La aparici\u00f3n de nuevos brotes ha dado pie a la reimposici\u00f3n de restricciones en numerosas partes del pa\u00eds menos de un mes despu\u00e9s del levantamiento del estado de alarma, incluida la obligatoriedad de llevar mascarilla en todo momento en espacios p\u00fablicos en algunas comunidades aut\u00f3nomas&#8230;.<\/p>\n","protected":false},"author":3,"featured_media":64676,"comment_status":"closed","ping_status":"closed","sticky":false,"template":"","format":"standard","meta":[],"categories":[4],"tags":[],"_links":{"self":[{"href":"https:\/\/www.actualidadadiario.com\/index.php\/wp-json\/wp\/v2\/posts\/64675"}],"collection":[{"href":"https:\/\/www.actualidadadiario.com\/index.php\/wp-json\/wp\/v2\/posts"}],"about":[{"href":"https:\/\/www.actualidadadiario.com\/index.php\/wp-json\/wp\/v2\/types\/post"}],"author":[{"embeddable":true,"href":"https:\/\/www.actualidadadiario.com\/index.php\/wp-json\/wp\/v2\/users\/3"}],"replies":[{"embeddable":true,"href":"https:\/\/www.actualidadadiario.com\/index.php\/wp-json\/wp\/v2\/comments?post=64675"}],"version-history":[{"count":1,"href":"https:\/\/www.actualidadadiario.com\/index.php\/wp-json\/wp\/v2\/posts\/64675\/revisions"}],"predecessor-version":[{"id":64677,"href":"https:\/\/www.actualidadadiario.com\/index.php\/wp-json\/wp\/v2\/posts\/64675\/revisions\/64677"}],"wp:featuredmedia":[{"embeddable":true,"href":"https:\/\/www.actualidadadiario.com\/index.php\/wp-json\/wp\/v2\/media\/64676"}],"wp:attachment":[{"href":"https:\/\/www.actualidadadiario.com\/index.php\/wp-json\/wp\/v2\/media?parent=64675"}],"wp:term":[{"taxonomy":"category","embeddable":true,"href":"https:\/\/www.actualidadadiario.com\/index.php\/wp-json\/wp\/v2\/categories?post=64675"},{"taxonomy":"post_tag","embeddable":true,"href":"https:\/\/www.actualidadadiario.com\/index.php\/wp-json\/wp\/v2\/tags?post=64675"}],"curies":[{"name":"wp","href":"https:\/\/api.w.org\/{rel}","templated":true}]}}