{"id":64669,"date":"2020-07-24T13:37:30","date_gmt":"2020-07-24T16:37:30","guid":{"rendered":"https:\/\/www.actualidadadiario.com\/?p=64669"},"modified":"2020-07-30T16:01:51","modified_gmt":"2020-07-30T19:01:51","slug":"atp-4-el-gobierno-extiende-la-ayuda-a-las-empresas-afectadas-por-la-pandemia-de-coronavirus","status":"publish","type":"post","link":"https:\/\/www.actualidadadiario.com\/index.php\/2020\/07\/24\/atp-4-el-gobierno-extiende-la-ayuda-a-las-empresas-afectadas-por-la-pandemia-de-coronavirus\/","title":{"rendered":"ATP 4: el Gobierno extiende la ayuda a las empresas afectadas por la pandemia de coronavirus"},"content":{"rendered":"<p style=\"text-align: center;\"><em><strong>Alberto Fern\u00e1ndez anunci\u00f3 los detalles de la nueva etapa del programa de Asistencia de Emergencia al Trabajo y la Producci\u00f3n en una teleconferencia con empresarios pymes y referentes de gremios. Destac\u00f3 la necesidad de construir un pa\u00eds &#8220;que distribuya de un modo m\u00e1s equilibrado y produzca y no especule&#8221;<\/strong><\/em><\/p>\n<p>&nbsp;<\/p>\n<p>&nbsp;<\/p>\n<p>El Gobierno anunci\u00f3 los detalles del programa ATP 4, mediante el cual el Estado volver\u00e1 a pagar por cuarto mes consecutivo parte de los salarios del sector privado. Volver\u00e1 a pagarse en cualquier zona del pa\u00eds y para los sectores cr\u00edticos se mantendr\u00e1 fijo hasta diciembre. El anuncio se realiz\u00f3 mediante una videoconferencia en la que participaron Alberto Fern\u00e1ndez, los ministros de las carteras econ\u00f3micas, cientos de empresarios pymes y trabajadores de la CGT y CTA. \u201cDebemos volver a poner en valor la idea de producir\u201d, les plante\u00f3 el Presidente, quien llam\u00f3 a dejar de lado la especulaci\u00f3n y a construir un pa\u00eds &#8220;que distribuya de un modo m\u00e1s equilibrado&#8221;.<\/p>\n<p>Desde la Residencia de Olivos, el Presidente adelant\u00f3 que la semana que viene se anunciar\u00e1 un plan econ\u00f3mico con m\u00e1s de 60 medidas y pidi\u00f3 que para que funcione se necesita una \u201cmultisectorial entre pymes y trabajadores\u201d. Tras el acto del 9 de julio, que cont\u00f3 con la presencia del G6, Alberto Fern\u00e1ndez les dijo a las pymes: \u201cUstedes son mis principales aliados. Una econom\u00eda s\u00f3lida los tiene a ustedes como protagonistas\u201d.<\/p>\n<p>Sobre la extensi\u00f3n del programa de asistencia al trabajo y la producci\u00f3n (ATP), Fern\u00e1ndez remarc\u00f3 que fue pensado desde marzo, cuando se inici\u00f3 el aislamiento por la llegada del coronavirus. \u201cSupimos cuando pusimos la cuarentena que \u00edbamos a poner en crisis la producci\u00f3n y el trabajo. Desde la hora cero supimos que ten\u00edamos que hacer una inversi\u00f3n para garantizar la continuidad de las empresas y del empleo. Los que reniegan que no tenemos plan, sepan que lo planificamos desde el primer d\u00eda\u201d.<\/p>\n","protected":false},"excerpt":{"rendered":"<p>Alberto Fern\u00e1ndez anunci\u00f3 los detalles de la nueva etapa del programa de Asistencia de Emergencia al Trabajo y la Producci\u00f3n en una teleconferencia con empresarios pymes y referentes de gremios. Destac\u00f3 la necesidad de construir un pa\u00eds &#8220;que distribuya de un modo m\u00e1s equilibrado y produzca y no especule&#8221; &nbsp; &nbsp; El Gobierno anunci\u00f3 los detalles del programa ATP 4, mediante el cual el Estado volver\u00e1 a pagar por cuarto mes consecutivo parte de los salarios del sector privado. Volver\u00e1 a pagarse en cualquier zona del pa\u00eds y para los&#8230;<\/p>\n","protected":false},"author":3,"featured_media":64670,"comment_status":"closed","ping_status":"closed","sticky":false,"template":"","format":"standard","meta":[],"categories":[18],"tags":[],"_links":{"self":[{"href":"https:\/\/www.actualidadadiario.com\/index.php\/wp-json\/wp\/v2\/posts\/64669"}],"collection":[{"href":"https:\/\/www.actualidadadiario.com\/index.php\/wp-json\/wp\/v2\/posts"}],"about":[{"href":"https:\/\/www.actualidadadiario.com\/index.php\/wp-json\/wp\/v2\/types\/post"}],"author":[{"embeddable":true,"href":"https:\/\/www.actualidadadiario.com\/index.php\/wp-json\/wp\/v2\/users\/3"}],"replies":[{"embeddable":true,"href":"https:\/\/www.actualidadadiario.com\/index.php\/wp-json\/wp\/v2\/comments?post=64669"}],"version-history":[{"count":1,"href":"https:\/\/www.actualidadadiario.com\/index.php\/wp-json\/wp\/v2\/posts\/64669\/revisions"}],"predecessor-version":[{"id":64671,"href":"https:\/\/www.actualidadadiario.com\/index.php\/wp-json\/wp\/v2\/posts\/64669\/revisions\/64671"}],"wp:featuredmedia":[{"embeddable":true,"href":"https:\/\/www.actualidadadiario.com\/index.php\/wp-json\/wp\/v2\/media\/64670"}],"wp:attachment":[{"href":"https:\/\/www.actualidadadiario.com\/index.php\/wp-json\/wp\/v2\/media?parent=64669"}],"wp:term":[{"taxonomy":"category","embeddable":true,"href":"https:\/\/www.actualidadadiario.com\/index.php\/wp-json\/wp\/v2\/categories?post=64669"},{"taxonomy":"post_tag","embeddable":true,"href":"https:\/\/www.actualidadadiario.com\/index.php\/wp-json\/wp\/v2\/tags?post=64669"}],"curies":[{"name":"wp","href":"https:\/\/api.w.org\/{rel}","templated":true}]}}