{"id":64663,"date":"2020-07-24T13:32:14","date_gmt":"2020-07-24T16:32:14","guid":{"rendered":"https:\/\/www.actualidadadiario.com\/?p=64663"},"modified":"2020-07-30T16:01:51","modified_gmt":"2020-07-30T19:01:51","slug":"gobierno-convoco-a-gremios-docentes-a-otra-reunion-de-la-paritaria-nacional","status":"publish","type":"post","link":"https:\/\/www.actualidadadiario.com\/index.php\/2020\/07\/24\/gobierno-convoco-a-gremios-docentes-a-otra-reunion-de-la-paritaria-nacional\/","title":{"rendered":"Gobierno convoc\u00f3 a gremios docentes a otra reuni\u00f3n de la paritaria nacional"},"content":{"rendered":"<p style=\"text-align: center;\"><em><strong>Se realizar\u00e1 por videoconferencia a partir de las 12. &#8220;A trav\u00e9s del di\u00e1logo y la concertaci\u00f3n transitaremos el complejo camino que tenemos por delante en el marco de la pandemia&#8221;, dijo el ministro Nicol\u00e1s Trotta<\/strong><\/em><\/p>\n<p>&nbsp;<\/p>\n<p>&nbsp;<\/p>\n<p>El Ministerio de Educaci\u00f3n de la Naci\u00f3n convoc\u00f3 a cinco gremios a una nueva reuni\u00f3n virtual de la paritaria nacional docente para este viernes a las 12.<\/p>\n<p>\u201cA trav\u00e9s del di\u00e1logo y la concertaci\u00f3n transitaremos el complejo camino que tenemos por delante en el marco de la pandemia\u201d, dijo el ministro Nicol\u00e1s Trotta, al anunciar la convocatoria.<\/p>\n<p>Trotta prev\u00e9 un &#8220;complejo&#8221; el regreso a las aulas debido a c\u00f3mo se est\u00e1 desarrollando la pandemia de Covid-19, aunque asegur\u00f3 que &#8220;el a\u00f1o no est\u00e1 perdido&#8221;.<\/p>\n<p>&#8220;Tenemos incertidumbre si vamos a poder hacer clases diarias a partir de marzo del a\u00f1o que viene&#8221;, dijo Trotta a Radio Rivadavia.<\/p>\n<p>El ministro advirti\u00f3 que &#8220;el a\u00f1o no est\u00e1 perdido&#8221; pese a que las clases presenciales llevan ya m\u00e1s de cuatro meses de suspensi\u00f3n y destac\u00f3 el &#8220;esfuerzo que est\u00e1n haciendo los chicos en casa y los maestros a la distancia&#8221;.<\/p>\n<p>Trotta afirm\u00f3 que &#8220;el regreso a clases va a ser complejo&#8221;, y reiter\u00f3 que en el contexto de la pandemia &#8220;damos prioridad a la salud&#8221;, aunque aclar\u00f3 que sigue &#8220;trabajando con todas las provincias&#8221;.<\/p>\n<p>Anunci\u00f3 que desde la cartera educativa &#8220;estamos dise\u00f1ando la promoci\u00f3n del ciclo lectivo 2020&#8221;, y dijo que &#8220;vamos a tener a\u00f1os extraordinarios: un ni\u00f1o que el a\u00f1o que viene hace 5to grado, seguramente tenga contenidos de 4to, tambi\u00e9n&#8221;.<\/p>\n<p>Sostuvo que el dictado de clases se deber\u00e1 &#8220;articular de esta forma por algunos a\u00f1os&#8221;, para hacer frente al &#8220;enorme desaf\u00edo del sistema educativo en una Argentina muy desigual&#8221;.<\/p>\n<p>Trotta reiter\u00f3 que &#8220;el regreso va a ser distinto seg\u00fan la realidad epidemiol\u00f3gica&#8221; de cada provincia, y se\u00f1al\u00f3 que &#8220;en la puna catamarque\u00f1a estamos proyectando (comenzar las clases) en agosto, mucho antes que en el AMBA&#8221;.<\/p>\n<p>Por otra parte, el ministro precis\u00f3 que el pr\u00f3ximo lunes a las 15 se presentar\u00e1 el plan que le permitir\u00e1 a los docentes comprar laptops con descuentos a trav\u00e9s de una l\u00ednea crediticia promovida por el Ministerio de la Producci\u00f3n y el Banco Naci\u00f3n.<\/p>\n","protected":false},"excerpt":{"rendered":"<p>Se realizar\u00e1 por videoconferencia a partir de las 12. &#8220;A trav\u00e9s del di\u00e1logo y la concertaci\u00f3n transitaremos el complejo camino que tenemos por delante en el marco de la pandemia&#8221;, dijo el ministro Nicol\u00e1s Trotta &nbsp; &nbsp; El Ministerio de Educaci\u00f3n de la Naci\u00f3n convoc\u00f3 a cinco gremios a una nueva reuni\u00f3n virtual de la paritaria nacional docente para este viernes a las 12. \u201cA trav\u00e9s del di\u00e1logo y la concertaci\u00f3n transitaremos el complejo camino que tenemos por delante en el marco de la pandemia\u201d, dijo el ministro Nicol\u00e1s Trotta,&#8230;<\/p>\n","protected":false},"author":3,"featured_media":64664,"comment_status":"closed","ping_status":"closed","sticky":false,"template":"","format":"standard","meta":[],"categories":[18],"tags":[],"_links":{"self":[{"href":"https:\/\/www.actualidadadiario.com\/index.php\/wp-json\/wp\/v2\/posts\/64663"}],"collection":[{"href":"https:\/\/www.actualidadadiario.com\/index.php\/wp-json\/wp\/v2\/posts"}],"about":[{"href":"https:\/\/www.actualidadadiario.com\/index.php\/wp-json\/wp\/v2\/types\/post"}],"author":[{"embeddable":true,"href":"https:\/\/www.actualidadadiario.com\/index.php\/wp-json\/wp\/v2\/users\/3"}],"replies":[{"embeddable":true,"href":"https:\/\/www.actualidadadiario.com\/index.php\/wp-json\/wp\/v2\/comments?post=64663"}],"version-history":[{"count":2,"href":"https:\/\/www.actualidadadiario.com\/index.php\/wp-json\/wp\/v2\/posts\/64663\/revisions"}],"predecessor-version":[{"id":64666,"href":"https:\/\/www.actualidadadiario.com\/index.php\/wp-json\/wp\/v2\/posts\/64663\/revisions\/64666"}],"wp:featuredmedia":[{"embeddable":true,"href":"https:\/\/www.actualidadadiario.com\/index.php\/wp-json\/wp\/v2\/media\/64664"}],"wp:attachment":[{"href":"https:\/\/www.actualidadadiario.com\/index.php\/wp-json\/wp\/v2\/media?parent=64663"}],"wp:term":[{"taxonomy":"category","embeddable":true,"href":"https:\/\/www.actualidadadiario.com\/index.php\/wp-json\/wp\/v2\/categories?post=64663"},{"taxonomy":"post_tag","embeddable":true,"href":"https:\/\/www.actualidadadiario.com\/index.php\/wp-json\/wp\/v2\/tags?post=64663"}],"curies":[{"name":"wp","href":"https:\/\/api.w.org\/{rel}","templated":true}]}}