{"id":64661,"date":"2020-07-24T13:31:26","date_gmt":"2020-07-24T16:31:26","guid":{"rendered":"https:\/\/www.actualidadadiario.com\/?p=64661"},"modified":"2020-07-30T16:01:51","modified_gmt":"2020-07-30T19:01:51","slug":"consejo-de-la-magistratura-se-postergo-la-decision-sobre-el-traslado-de-los-jueces","status":"publish","type":"post","link":"https:\/\/www.actualidadadiario.com\/index.php\/2020\/07\/24\/consejo-de-la-magistratura-se-postergo-la-decision-sobre-el-traslado-de-los-jueces\/","title":{"rendered":"Consejo de la Magistratura: se posterg\u00f3 la decisi\u00f3n sobre el traslado de los jueces"},"content":{"rendered":"<p style=\"text-align: center;\"><em><strong>La discusi\u00f3n, por pedido del representante del poder ejecutivo, se retomar\u00e1 la semana pr\u00f3xima<\/strong><\/em><\/p>\n<p>&nbsp;<\/p>\n<p>&nbsp;<\/p>\n<p>La Comisi\u00f3n de Selecci\u00f3n del Consejo de la Magistratura posterg\u00f3 hasta la semana pr\u00f3xima una decisi\u00f3n sobre los jueces que fueron trasladados de un tribunal a otro durante el gobierno de Cambiemos, salteando el procedimiento previsto para la designaci\u00f3n de magistrados.<\/p>\n<p>El representante del Poder Ejecutivo, Ger\u00f3nimo Ustarroz, propuso despu\u00e9s de dos horas de debate, la postergaci\u00f3n del tratamiento del tema.<\/p>\n<p>El presidente del Consejo, el camarista federal Alberto Lugones, aclar\u00f3 en medio de la discusi\u00f3n: \u201chay actos realizados por este consejo que son por lo menos antirreglamentarios. Nadie me va a impedir que diga eso. Se aprovech\u00f3 una mayor\u00eda circunstancial, se busc\u00f3 entre los jueces designados y se eligi\u00f3 para ocupar no cualquier cargo: se eligi\u00f3 jueces para integrar una C\u00e1mara que resuelve las cuestiones m\u00e1s dif\u00edciles y m\u00e1s complejas\u201d.<\/p>\n<p>Tras denunciar \u201cun carnaval de traslados\u201d durante el anterior gobierno, Lugones advirti\u00f3 que \u201cesos jueces juzgaron ciertos hechos que ahora hay sectores que temen que puedan ser modificados. \u00a1No se preocupen!, aun cuando los traslados fueran dejados sin efecto, los actos que dictaron son v\u00e1lidos.\u00a0 No venimos a darle impunidad a nadie. Yo estoy aqu\u00ed para garantizar que se cumpla la Constituci\u00f3n Nacional y las leyes\u201d.<\/p>\n<p>El consejero Ustarroz cuestion\u00f3 el mecanismo de traslados de jueces dispuestos por decretos firmados por el ex presidente Mauricio Macri que posibilitaron, por ejemplo, que jueces de tribunales orales como Leopoldo Bruglia y Pablo Bertuzzi ocuparan cargos en la C\u00e1mara Federal porte\u00f1a en donde tramitaban causas por presunta corrupci\u00f3n de funcionarios del per\u00edodo 2003-2015.<\/p>\n<p>El diputado macrista Pablo Tonelli se opuso al tratamiento de esa cuesti\u00f3n porque \u2013argument\u00f3- el Consejo de la Magistratura no tiene competencia para ello. Propuso, s\u00ed, la elaboraci\u00f3n de un proyecto de ley para que se regulen en el futuro los traslados de jueces de un tribunal a otro.<\/p>\n<p>El tambi\u00e9n juez Ricardo Recondo coincidi\u00f3 en la necesidad de\u00a0 elaborar un proyecto de ley para el futuro y en que \u201cesto no es competencia del Consejo\u201d.<\/p>\n<p>\u201cPor eso, sin entrar al fondo del asunto, creo que es una decisi\u00f3n que tiene que tomar el Poder Ejecutivo. Ellos ver\u00e1n qu\u00e9 hacen\u201d.<\/p>\n<p>El consejero abogado Diego Molea sostuvo que los jueces que fueron trasladados \u201cconoc\u00edan el vicio\u201d administrativo de esos actos e igualmente los aceptaron. No obstante consider\u00f3 que no deben revocarse los traslados sino completar el procedimiento es decir \u201cque el Senado preste acuerdo a esos traslados\u201d.<\/p>\n<p>\u201cSiento verg\u00fcenza ajena por jueces que teniendo competencia para un cargo luego pidan el traslado para otro cargo donde la competencia no es la misma.\u00a0 Jueces penales han pedido el traslado para la competencia electoral cuando son ex\u00e1menes de evaluaci\u00f3n de idoneidad distintos, como lo son distintos para un juez de tribunal oral con un juez de C\u00e1mara\u201d, tales los casos de Bruglia y Bertuzzi.<\/p>\n<p>Molea tambi\u00e9n refut\u00f3 el argumento de la \u201cmisma jerarqu\u00eda\u201d, es decir que los jueces pueden pasar de un juzgado a otro si se los considera iguales en sus facultades, ni inferiores, ni superiores. \u201cLa igualad de jerarqu\u00eda es s\u00f3lo de escala salarial\u201d.<\/p>\n<p>Bruglia y Bertuzzi integraban tribunales que declaraban a los imputados culpables o inocentes y resolv\u00edan la cantidad de a\u00f1os de prisi\u00f3n; con los traslados pasaron a la instancia anterior, es decir la revisi\u00f3n de los procesamientos de primera instancia, el paso previo a enviar los expedientes a juicio oral.<\/p>\n<p>La consejera diputada oficialista Vanesa Siley alert\u00f3 que mediante el mecanismo utilizado para los traslados \u201cest\u00e1 afectada la garant\u00eda del juez natural. No afecta al magistrado, afecta al justiciable. Es necesario tener en cuenta esto, que es fundamental\u201d. Y a\u00f1adi\u00f3, con una lectura de fondo sobre la cuesti\u00f3n: \u201cAqu\u00ed hab\u00eda un objetivo pol\u00edtico\u201d.<\/p>\n","protected":false},"excerpt":{"rendered":"<p>La discusi\u00f3n, por pedido del representante del poder ejecutivo, se retomar\u00e1 la semana pr\u00f3xima &nbsp; &nbsp; La Comisi\u00f3n de Selecci\u00f3n del Consejo de la Magistratura posterg\u00f3 hasta la semana pr\u00f3xima una decisi\u00f3n sobre los jueces que fueron trasladados de un tribunal a otro durante el gobierno de Cambiemos, salteando el procedimiento previsto para la designaci\u00f3n de magistrados. El representante del Poder Ejecutivo, Ger\u00f3nimo Ustarroz, propuso despu\u00e9s de dos horas de debate, la postergaci\u00f3n del tratamiento del tema. El presidente del Consejo, el camarista federal Alberto Lugones, aclar\u00f3 en medio de&#8230;<\/p>\n","protected":false},"author":3,"featured_media":64580,"comment_status":"closed","ping_status":"closed","sticky":false,"template":"","format":"standard","meta":[],"categories":[18],"tags":[],"_links":{"self":[{"href":"https:\/\/www.actualidadadiario.com\/index.php\/wp-json\/wp\/v2\/posts\/64661"}],"collection":[{"href":"https:\/\/www.actualidadadiario.com\/index.php\/wp-json\/wp\/v2\/posts"}],"about":[{"href":"https:\/\/www.actualidadadiario.com\/index.php\/wp-json\/wp\/v2\/types\/post"}],"author":[{"embeddable":true,"href":"https:\/\/www.actualidadadiario.com\/index.php\/wp-json\/wp\/v2\/users\/3"}],"replies":[{"embeddable":true,"href":"https:\/\/www.actualidadadiario.com\/index.php\/wp-json\/wp\/v2\/comments?post=64661"}],"version-history":[{"count":1,"href":"https:\/\/www.actualidadadiario.com\/index.php\/wp-json\/wp\/v2\/posts\/64661\/revisions"}],"predecessor-version":[{"id":64662,"href":"https:\/\/www.actualidadadiario.com\/index.php\/wp-json\/wp\/v2\/posts\/64661\/revisions\/64662"}],"wp:featuredmedia":[{"embeddable":true,"href":"https:\/\/www.actualidadadiario.com\/index.php\/wp-json\/wp\/v2\/media\/64580"}],"wp:attachment":[{"href":"https:\/\/www.actualidadadiario.com\/index.php\/wp-json\/wp\/v2\/media?parent=64661"}],"wp:term":[{"taxonomy":"category","embeddable":true,"href":"https:\/\/www.actualidadadiario.com\/index.php\/wp-json\/wp\/v2\/categories?post=64661"},{"taxonomy":"post_tag","embeddable":true,"href":"https:\/\/www.actualidadadiario.com\/index.php\/wp-json\/wp\/v2\/tags?post=64661"}],"curies":[{"name":"wp","href":"https:\/\/api.w.org\/{rel}","templated":true}]}}