{"id":64656,"date":"2020-07-24T13:29:06","date_gmt":"2020-07-24T16:29:06","guid":{"rendered":"https:\/\/www.actualidadadiario.com\/?p=64656"},"modified":"2020-07-30T16:01:51","modified_gmt":"2020-07-30T19:01:51","slug":"extienden-hasta-fines-de-septiembre-la-prohibicion-de-despidos","status":"publish","type":"post","link":"https:\/\/www.actualidadadiario.com\/index.php\/2020\/07\/24\/extienden-hasta-fines-de-septiembre-la-prohibicion-de-despidos\/","title":{"rendered":"Extienden hasta fines de septiembre la prohibici\u00f3n de despidos"},"content":{"rendered":"<p style=\"text-align: center;\"><em><strong>El presidente Alberto Fern\u00e1ndez firm\u00f3 este jueves un Decreto de Necesidad y Urgencia (DNU) por el cual prorrog\u00f3 por 60 d\u00edas la prohibici\u00f3n de despidos, por lo que la medida seguir\u00e1 vigente hasta el 31 de septiembre pr\u00f3ximo<\/strong><\/em><\/p>\n<p>&nbsp;<\/p>\n<p>La normativa es una extensi\u00f3n del primer decreto firmado el 31 de marzo mediante el cual prohibi\u00f3 a empresarios realizar despidos sin justa causa y por las causales de falta o disminuci\u00f3n de trabajo y fuerza mayor.<\/p>\n<p>Esa disposici\u00f3n fue extendida por primera vez a trav\u00e9s del decreto 487 firmado por el Presidente el 19 de mayo, que finaliza este 31 de julio.<\/p>\n<p>Entre los considerandos de la medida, el Gobierno justific\u00f3 la prohibici\u00f3n de despidos frente a la &#8220;crisis excepcional&#8221; creada por la pandemia del coronavirus que golpe\u00f3 con fuerza la actividad econ\u00f3mica y el mercado de empleo.<\/p>\n<p>&#8220;Prorr\u00f3gase la prohibici\u00f3n de efectuar despidos sin justa causa y por las causales de falta o disminuci\u00f3n de trabajo y fuerza mayor por el plazo de sesenta (60) d\u00edas contados a partir del vencimiento del plazo establecido por el Decreto N\u00b0 487\/20&#8221;, dispone la norma firmada por el Jefe de Estado.<\/p>\n","protected":false},"excerpt":{"rendered":"<p>El presidente Alberto Fern\u00e1ndez firm\u00f3 este jueves un Decreto de Necesidad y Urgencia (DNU) por el cual prorrog\u00f3 por 60 d\u00edas la prohibici\u00f3n de despidos, por lo que la medida seguir\u00e1 vigente hasta el 31 de septiembre pr\u00f3ximo &nbsp; La normativa es una extensi\u00f3n del primer decreto firmado el 31 de marzo mediante el cual prohibi\u00f3 a empresarios realizar despidos sin justa causa y por las causales de falta o disminuci\u00f3n de trabajo y fuerza mayor. Esa disposici\u00f3n fue extendida por primera vez a trav\u00e9s del decreto 487 firmado por&#8230;<\/p>\n","protected":false},"author":3,"featured_media":61167,"comment_status":"closed","ping_status":"closed","sticky":false,"template":"","format":"standard","meta":[],"categories":[18],"tags":[],"_links":{"self":[{"href":"https:\/\/www.actualidadadiario.com\/index.php\/wp-json\/wp\/v2\/posts\/64656"}],"collection":[{"href":"https:\/\/www.actualidadadiario.com\/index.php\/wp-json\/wp\/v2\/posts"}],"about":[{"href":"https:\/\/www.actualidadadiario.com\/index.php\/wp-json\/wp\/v2\/types\/post"}],"author":[{"embeddable":true,"href":"https:\/\/www.actualidadadiario.com\/index.php\/wp-json\/wp\/v2\/users\/3"}],"replies":[{"embeddable":true,"href":"https:\/\/www.actualidadadiario.com\/index.php\/wp-json\/wp\/v2\/comments?post=64656"}],"version-history":[{"count":1,"href":"https:\/\/www.actualidadadiario.com\/index.php\/wp-json\/wp\/v2\/posts\/64656\/revisions"}],"predecessor-version":[{"id":64657,"href":"https:\/\/www.actualidadadiario.com\/index.php\/wp-json\/wp\/v2\/posts\/64656\/revisions\/64657"}],"wp:featuredmedia":[{"embeddable":true,"href":"https:\/\/www.actualidadadiario.com\/index.php\/wp-json\/wp\/v2\/media\/61167"}],"wp:attachment":[{"href":"https:\/\/www.actualidadadiario.com\/index.php\/wp-json\/wp\/v2\/media?parent=64656"}],"wp:term":[{"taxonomy":"category","embeddable":true,"href":"https:\/\/www.actualidadadiario.com\/index.php\/wp-json\/wp\/v2\/categories?post=64656"},{"taxonomy":"post_tag","embeddable":true,"href":"https:\/\/www.actualidadadiario.com\/index.php\/wp-json\/wp\/v2\/tags?post=64656"}],"curies":[{"name":"wp","href":"https:\/\/api.w.org\/{rel}","templated":true}]}}