{"id":64654,"date":"2020-07-24T13:28:15","date_gmt":"2020-07-24T16:28:15","guid":{"rendered":"https:\/\/www.actualidadadiario.com\/?p=64654"},"modified":"2020-07-30T16:01:59","modified_gmt":"2020-07-30T19:01:59","slug":"cristina-y-massa-congelan-los-salarios-de-legisladores-hasta-fin-de-ano","status":"publish","type":"post","link":"https:\/\/www.actualidadadiario.com\/index.php\/2020\/07\/24\/cristina-y-massa-congelan-los-salarios-de-legisladores-hasta-fin-de-ano\/","title":{"rendered":"Cristina y Massa congelan los salarios de legisladores hasta fin de a\u00f1o"},"content":{"rendered":"<p style=\"text-align: center;\"><em><strong>Prorrogaron por un semestre la resoluci\u00f3n conjunta que hab\u00edan firmado el 27 de diciembre, cuando no hab\u00eda llegado la pandemia. &#8220;Resulta necesario un esfuerzo conjunto&#8221;<\/strong><\/em><\/p>\n<p>&nbsp;<\/p>\n<p>&nbsp;<\/p>\n<p>Cristina Kirchner y Sergio Massa prorrogaron hasta fin de a\u00f1o la resoluci\u00f3n conjunta que congela los salarios de legisladores y autoridades del Congreso, por considerar que la &#8220;crisis econ\u00f3mica generada por la pandemia&#8221;, no permite revisar esos ingresos.<\/p>\n<p>La medida fue tomada el 27 de diciembre, cuando el coronavirus no estaba en agenda pero las flamantes autoridades consideraron que la presi\u00f3n social no permit\u00eda retocar los haberes, que est\u00e1n indexados a los\u00a0 aumentos de los empleados legislativos. Cobran un 20% m\u00e1s.<\/p>\n<p>El a\u00f1o pasado hubo tres subas de 10% y restaba una final para enero, que se suspender\u00eda al menos hasta junio. La pandemia complic\u00f3 el cierre de paritarias, aunque recibieron incrementos por decreto y un plus a los empleados que asisten pese al riesgo de contagio.<\/p>\n<p>Los legisladores perciben aproximadamente 170 mil pesos, sumados los vi\u00e1ticos por desarraigo (14,21% de la dieta) y movilidad; y con el descuento por el impuesto a las ganancias que los jueces reci\u00e9n empezaron a pagar hace dos a\u00f1os. As\u00ed seguir\u00e1 hasta 2021. Por lo menos.<\/p>\n<p>El decreto reafirma que &#8220;visto que la emergencia p\u00fablica que dio lugar al dictado de la norma en cuesti\u00f3n se vio agravada por la pandemia mencionada, resulta necesario que los representantes del pueblo compartan el esfuerzo que efect\u00faa la sociedad en su conjunto&#8221;.<\/p>\n","protected":false},"excerpt":{"rendered":"<p>Prorrogaron por un semestre la resoluci\u00f3n conjunta que hab\u00edan firmado el 27 de diciembre, cuando no hab\u00eda llegado la pandemia. &#8220;Resulta necesario un esfuerzo conjunto&#8221; &nbsp; &nbsp; Cristina Kirchner y Sergio Massa prorrogaron hasta fin de a\u00f1o la resoluci\u00f3n conjunta que congela los salarios de legisladores y autoridades del Congreso, por considerar que la &#8220;crisis econ\u00f3mica generada por la pandemia&#8221;, no permite revisar esos ingresos. La medida fue tomada el 27 de diciembre, cuando el coronavirus no estaba en agenda pero las flamantes autoridades consideraron que la presi\u00f3n social no&#8230;<\/p>\n","protected":false},"author":3,"featured_media":56646,"comment_status":"closed","ping_status":"closed","sticky":false,"template":"","format":"standard","meta":[],"categories":[9],"tags":[],"_links":{"self":[{"href":"https:\/\/www.actualidadadiario.com\/index.php\/wp-json\/wp\/v2\/posts\/64654"}],"collection":[{"href":"https:\/\/www.actualidadadiario.com\/index.php\/wp-json\/wp\/v2\/posts"}],"about":[{"href":"https:\/\/www.actualidadadiario.com\/index.php\/wp-json\/wp\/v2\/types\/post"}],"author":[{"embeddable":true,"href":"https:\/\/www.actualidadadiario.com\/index.php\/wp-json\/wp\/v2\/users\/3"}],"replies":[{"embeddable":true,"href":"https:\/\/www.actualidadadiario.com\/index.php\/wp-json\/wp\/v2\/comments?post=64654"}],"version-history":[{"count":1,"href":"https:\/\/www.actualidadadiario.com\/index.php\/wp-json\/wp\/v2\/posts\/64654\/revisions"}],"predecessor-version":[{"id":64655,"href":"https:\/\/www.actualidadadiario.com\/index.php\/wp-json\/wp\/v2\/posts\/64654\/revisions\/64655"}],"wp:featuredmedia":[{"embeddable":true,"href":"https:\/\/www.actualidadadiario.com\/index.php\/wp-json\/wp\/v2\/media\/56646"}],"wp:attachment":[{"href":"https:\/\/www.actualidadadiario.com\/index.php\/wp-json\/wp\/v2\/media?parent=64654"}],"wp:term":[{"taxonomy":"category","embeddable":true,"href":"https:\/\/www.actualidadadiario.com\/index.php\/wp-json\/wp\/v2\/categories?post=64654"},{"taxonomy":"post_tag","embeddable":true,"href":"https:\/\/www.actualidadadiario.com\/index.php\/wp-json\/wp\/v2\/tags?post=64654"}],"curies":[{"name":"wp","href":"https:\/\/api.w.org\/{rel}","templated":true}]}}