{"id":64649,"date":"2020-07-24T13:26:32","date_gmt":"2020-07-24T16:26:32","guid":{"rendered":"https:\/\/www.actualidadadiario.com\/?p=64649"},"modified":"2020-07-30T16:01:59","modified_gmt":"2020-07-30T19:01:59","slug":"informan-20-nuevos-fallecimientos-y-hay-estabilizacion-de-casos-en-chaco-neuquen-y-rio-negro","status":"publish","type":"post","link":"https:\/\/www.actualidadadiario.com\/index.php\/2020\/07\/24\/informan-20-nuevos-fallecimientos-y-hay-estabilizacion-de-casos-en-chaco-neuquen-y-rio-negro\/","title":{"rendered":"Informan 20 nuevos fallecimientos y hay estabilizaci\u00f3n de casos en Chaco, Neuqu\u00e9n y R\u00edo Negro"},"content":{"rendered":"<p style=\"text-align: center;\"><em><strong>El Ministerio de Salud inform\u00f3 que se elev\u00f3 a 2.722 la cifra de muertos desde marzo pasado. Vizzotti se\u00f1al\u00f3 que si bien los m\u00e1s de 148 mil casos acumulados configuran una cifra &#8220;importante&#8221;, se han podido distribuir en el tiempo para no saturar al sistema m\u00e9dico<\/strong><\/em><\/p>\n<p>&nbsp;<\/p>\n<p>&nbsp;<\/p>\n<p>El Ministerio de Salud inform\u00f3 esta ma\u00f1ana 20 nuevos fallecimientos por coronavirus en el pa\u00eds, lo que elev\u00f3 a 2.722 la cifra de muertos desde marzo pasado, y aunque se registr\u00f3 un alza de casos detectados en los \u00faltimos siete d\u00edas a nivel nacional, se destaca una &#8220;estabilizaci\u00f3n&#8221; de positivos en Chaco, Neuqu\u00e9n y R\u00edo Negro, todas ellas provincias con &#8220;transmisi\u00f3n comunitaria&#8221; de la enfermedad.<\/p>\n<p>Al encabezar el reporte diario que emite la autoridad sanitaria para dar cuenta de la situaci\u00f3n epidemiol\u00f3gica en el territorio nacional, la secretaria de Acceso a la Salud, Carla Vizzotti, se\u00f1al\u00f3 que el promedio de infectados en los \u00faltimos siete d\u00edas es de 4.749 y que si bien los m\u00e1s de 148.000 casos acumulados configuran una cifra &#8220;importante&#8221;, se han podido distribuir en el tiempo para no saturar al sistema m\u00e9dico.<\/p>\n<p>En el an\u00e1lisis de los datos realizado por la funcionaria se destac\u00f3 que el 91% de los nuevos casos fueron reportados desde el \u00c1rea Metropolitana de Buenos Aires (AMBA), regi\u00f3n que tiene un 64% de ocupaci\u00f3n de plazas de terapia intensiva, 8,6% m\u00e1s que el promedio nacional.<\/p>\n<p>Son 913 los pacientes que cursan la enfermedad en unidades de atenci\u00f3n cr\u00edtica, el 87,5% de ellos en el AMBA y se mantiene una &#8220;tensi\u00f3n&#8221; en el subsistema privado de la Ciudad de Buenos Aires.<\/p>\n<p>Ayer la Ciudad tuvo un \u00edndice de positividad del 40,8% en los test realizados, casi 10 puntos por debajo de la provincia de Buenos Aires e inferior al promedio del pa\u00eds que se ubic\u00f3 en 42,5%.<\/p>\n<p>Por otro lado, Vizzotti anunci\u00f3 que un equipo de especialistas del Ministerio de Salud se traslada a la provincia de Jujuy para trabajar con las autoridades locales en el control del brote que se registra desde hace algunos d\u00edas.<\/p>\n<p>Durante su exposici\u00f3n, record\u00f3 que la Covid-19 es una &#8220;pandemia&#8221; y por lo tanto &#8220;el problema no es si el virus tiene o no una baja mortalidad&#8221; sino que todos los seres humanos son &#8220;susceptibles&#8221; de infectarse y que, si todos se enferman al mismo tiempo, se desborda el sistema de salud.<\/p>\n<p>Por eso, la intenci\u00f3n de las autoridades es &#8220;enlentecer la curva de infecci\u00f3n&#8221; para que se pueda &#8220;dar respuesta&#8221;.<\/p>\n<p>Vizzotti reconoci\u00f3 que Argentina est\u00e1 teniendo &#8220;un n\u00famero de nuevos casos importante&#8221; pero dijo que, aun as\u00ed, su distribuci\u00f3n en el tiempo hace que el sistema pueda seguir atendiendo a todos los que lo necesitan.<\/p>\n<p>&#8220;Es un momento en el que se hace duro, se hace largo&#8221;, dijo Vizzotti, y pidi\u00f3 seguir trabajando para mantener baja la mortalidad, en comparaci\u00f3n con otros pa\u00edses.<\/p>\n<p>Desde el \u00faltimo reporte emitido anoche, se registr\u00f3 la muerte de 11 varones y 9 mujeres, 12 de ellos residentes en la provincia de Buenos Aires, 4 en la Ciudad de Buenos Aires, 3 en la provincia del Chaco y 1 en R\u00edo Negro.<\/p>\n<p>As\u00ed, la tasa de mortalidad es de 59,5 personas cada mill\u00f3n de habitantes y el \u00edndice de letalidad de 1,8% sobre los casos confirmados.<\/p>\n<p>De los 148.027 casos confirmados en la Argentina desde la llegada de la pandemia, 1.101 (0,7%) son &#8220;importados&#8221;, 45.026 (30,4%) son contactos estrechos de casos confirmados, 76.114 (51,4%) son casos de circulaci\u00f3n comunitaria y el resto se encuentra en investigaci\u00f3n epidemiol\u00f3gica.<\/p>\n<p>Ayer fueron realizadas 16.218 nuevas muestras y desde el inicio del brote se realizaron 609.262 pruebas diagn\u00f3sticas para esta enfermedad, lo que equivale a 13.426,7 muestras por mill\u00f3n de habitantes.<\/p>\n<p>Adem\u00e1s el total de altas es de 65.447 casos, seg\u00fan la informaci\u00f3n oficial.<\/p>\n","protected":false},"excerpt":{"rendered":"<p>El Ministerio de Salud inform\u00f3 que se elev\u00f3 a 2.722 la cifra de muertos desde marzo pasado. Vizzotti se\u00f1al\u00f3 que si bien los m\u00e1s de 148 mil casos acumulados configuran una cifra &#8220;importante&#8221;, se han podido distribuir en el tiempo para no saturar al sistema m\u00e9dico &nbsp; &nbsp; El Ministerio de Salud inform\u00f3 esta ma\u00f1ana 20 nuevos fallecimientos por coronavirus en el pa\u00eds, lo que elev\u00f3 a 2.722 la cifra de muertos desde marzo pasado, y aunque se registr\u00f3 un alza de casos detectados en los \u00faltimos siete d\u00edas a&#8230;<\/p>\n","protected":false},"author":3,"featured_media":61242,"comment_status":"closed","ping_status":"closed","sticky":false,"template":"","format":"standard","meta":[],"categories":[2],"tags":[],"_links":{"self":[{"href":"https:\/\/www.actualidadadiario.com\/index.php\/wp-json\/wp\/v2\/posts\/64649"}],"collection":[{"href":"https:\/\/www.actualidadadiario.com\/index.php\/wp-json\/wp\/v2\/posts"}],"about":[{"href":"https:\/\/www.actualidadadiario.com\/index.php\/wp-json\/wp\/v2\/types\/post"}],"author":[{"embeddable":true,"href":"https:\/\/www.actualidadadiario.com\/index.php\/wp-json\/wp\/v2\/users\/3"}],"replies":[{"embeddable":true,"href":"https:\/\/www.actualidadadiario.com\/index.php\/wp-json\/wp\/v2\/comments?post=64649"}],"version-history":[{"count":1,"href":"https:\/\/www.actualidadadiario.com\/index.php\/wp-json\/wp\/v2\/posts\/64649\/revisions"}],"predecessor-version":[{"id":64650,"href":"https:\/\/www.actualidadadiario.com\/index.php\/wp-json\/wp\/v2\/posts\/64649\/revisions\/64650"}],"wp:featuredmedia":[{"embeddable":true,"href":"https:\/\/www.actualidadadiario.com\/index.php\/wp-json\/wp\/v2\/media\/61242"}],"wp:attachment":[{"href":"https:\/\/www.actualidadadiario.com\/index.php\/wp-json\/wp\/v2\/media?parent=64649"}],"wp:term":[{"taxonomy":"category","embeddable":true,"href":"https:\/\/www.actualidadadiario.com\/index.php\/wp-json\/wp\/v2\/categories?post=64649"},{"taxonomy":"post_tag","embeddable":true,"href":"https:\/\/www.actualidadadiario.com\/index.php\/wp-json\/wp\/v2\/tags?post=64649"}],"curies":[{"name":"wp","href":"https:\/\/api.w.org\/{rel}","templated":true}]}}