{"id":64633,"date":"2020-07-24T13:21:23","date_gmt":"2020-07-24T16:21:23","guid":{"rendered":"https:\/\/www.actualidadadiario.com\/?p=64633"},"modified":"2020-07-30T16:01:59","modified_gmt":"2020-07-30T19:01:59","slug":"procrear-como-sera-el-plan-para-acceder-a-la-vivienda-propia","status":"publish","type":"post","link":"https:\/\/www.actualidadadiario.com\/index.php\/2020\/07\/24\/procrear-como-sera-el-plan-para-acceder-a-la-vivienda-propia\/","title":{"rendered":"Procrear: c\u00f3mo ser\u00e1 el plan para acceder a la vivienda propia"},"content":{"rendered":"<p style=\"text-align: center;\"><em><strong>El programa tendr\u00e1 un impacto nacional. Estar\u00e1 enfocado en la promoci\u00f3n de la generaci\u00f3n de lotes con servicios<\/strong><\/em><\/p>\n<p>&nbsp;<\/p>\n<p>&nbsp;<\/p>\n<p>El Gobierno dio a conocer los primeros detalles del nuevo plan Procrear, que comenzar\u00e1 a implementar el Ministerio de Desarrollo Territorial y H\u00e1bitat que conduce Mar\u00eda Eugenia Bielsa.<\/p>\n<p>Se trata de un programa que se implementar\u00e1 a nivel nacional. El aspecto central estar\u00e1 enfocado en la promoci\u00f3n de la generaci\u00f3n de lotes con servicios. A partir de esto, buscar\u00e1n ampliar el acceso a suelo urbanizado.<\/p>\n<p>Adem\u00e1s de promover la construcci\u00f3n de viviendas, contar\u00e1 con beneficios para la refacci\u00f3n y ampliaci\u00f3n. &#8220;La iniciativa tiene tres objetivo r\u00e1pidos: impacto en la generaci\u00f3n de empleo, reactivaci\u00f3n econ\u00f3mica y soluciones que vienen a dar respuesta a algunas de las cuestiones que se han profundizado a partir de la crisis del Covid- 19. Ya los estamos poniendo en marcha&#8221;, concluy\u00f3.<\/p>\n<p>Un punto relevante tiene que ver con el rol de las provincias y los municipios. Desde el Gobierno esperan que genere una relaci\u00f3n que les permita crear bancos de tierra urbanizada. Para ello, se destac\u00f3 que determinados bienes estatales que a la fecha se encuentran en la \u00f3rbita de la Agencia de Administraci\u00f3n de Bienes del Estado (AABE), sean transferidos a las carteras ministeriales para luego poder ser destinados al desarrollo social de la poblaci\u00f3n.<\/p>\n<p>A partir de la sistematizaci\u00f3n de datos, podr\u00e1n avanzar en la facilitaci\u00f3n de acceso a la vivienda. Seg\u00fan detall\u00f3 la ministra, el objetivo es lograr un desarrollo territorial \u201cm\u00e1s equilibrado\u201d.<\/p>\n<p>Para ello, continuar\u00e1n haciendo uso de los datos que se encuentran en el Registro Nacional de Barrios Populares, creado durante el macrismo. A partir del mismo, podr\u00e1n tener una amplia mirada respecto a las necesidades insatisfechas por parte de los sectores vulnerables y las obligaciones a cumplir por parte del Estado.<\/p>\n<p>&#8220;Hay una secretaria que espec\u00edficamente trabaja sobre los barrios populares. Son 4416, ninguna gesti\u00f3n en cuatro a\u00f1os va a poder resolver la totalidad de este tema. En esta primera instancia lo que se ha priorizado es la integraci\u00f3n urbana de los barrios: lugares de encuentro, y llegada de los servicios b\u00e1sicos&#8221;, concluy\u00f3.<\/p>\n<p>Las nuevas l\u00edneas de Procrear, se complementar\u00e1n con el Plan Nacional de Suelos, explic\u00f3 Bielsa d\u00edas atr\u00e1s, ya que una de las problem\u00e1ticas m\u00e1s importantes a resolver es que en algunos sectores del pa\u00eds, el suelo es m\u00e1s caro que la construcci\u00f3n de la propia vivienda.<\/p>\n<p>Seg\u00fan la ministra, al asumir el cargo en diciembre de 2019, se encontr\u00f3 con 11 mil viviendas -incluidas en el plan Procrear- que no fueron entregadas a sus beneficiarios.<\/p>\n","protected":false},"excerpt":{"rendered":"<p>El programa tendr\u00e1 un impacto nacional. Estar\u00e1 enfocado en la promoci\u00f3n de la generaci\u00f3n de lotes con servicios &nbsp; &nbsp; El Gobierno dio a conocer los primeros detalles del nuevo plan Procrear, que comenzar\u00e1 a implementar el Ministerio de Desarrollo Territorial y H\u00e1bitat que conduce Mar\u00eda Eugenia Bielsa. Se trata de un programa que se implementar\u00e1 a nivel nacional. El aspecto central estar\u00e1 enfocado en la promoci\u00f3n de la generaci\u00f3n de lotes con servicios. A partir de esto, buscar\u00e1n ampliar el acceso a suelo urbanizado. Adem\u00e1s de promover la construcci\u00f3n&#8230;<\/p>\n","protected":false},"author":3,"featured_media":63886,"comment_status":"closed","ping_status":"closed","sticky":false,"template":"","format":"standard","meta":[],"categories":[9],"tags":[],"_links":{"self":[{"href":"https:\/\/www.actualidadadiario.com\/index.php\/wp-json\/wp\/v2\/posts\/64633"}],"collection":[{"href":"https:\/\/www.actualidadadiario.com\/index.php\/wp-json\/wp\/v2\/posts"}],"about":[{"href":"https:\/\/www.actualidadadiario.com\/index.php\/wp-json\/wp\/v2\/types\/post"}],"author":[{"embeddable":true,"href":"https:\/\/www.actualidadadiario.com\/index.php\/wp-json\/wp\/v2\/users\/3"}],"replies":[{"embeddable":true,"href":"https:\/\/www.actualidadadiario.com\/index.php\/wp-json\/wp\/v2\/comments?post=64633"}],"version-history":[{"count":1,"href":"https:\/\/www.actualidadadiario.com\/index.php\/wp-json\/wp\/v2\/posts\/64633\/revisions"}],"predecessor-version":[{"id":64634,"href":"https:\/\/www.actualidadadiario.com\/index.php\/wp-json\/wp\/v2\/posts\/64633\/revisions\/64634"}],"wp:featuredmedia":[{"embeddable":true,"href":"https:\/\/www.actualidadadiario.com\/index.php\/wp-json\/wp\/v2\/media\/63886"}],"wp:attachment":[{"href":"https:\/\/www.actualidadadiario.com\/index.php\/wp-json\/wp\/v2\/media?parent=64633"}],"wp:term":[{"taxonomy":"category","embeddable":true,"href":"https:\/\/www.actualidadadiario.com\/index.php\/wp-json\/wp\/v2\/categories?post=64633"},{"taxonomy":"post_tag","embeddable":true,"href":"https:\/\/www.actualidadadiario.com\/index.php\/wp-json\/wp\/v2\/tags?post=64633"}],"curies":[{"name":"wp","href":"https:\/\/api.w.org\/{rel}","templated":true}]}}