{"id":64631,"date":"2020-07-24T13:20:27","date_gmt":"2020-07-24T16:20:27","guid":{"rendered":"https:\/\/www.actualidadadiario.com\/?p=64631"},"modified":"2020-07-30T16:01:59","modified_gmt":"2020-07-30T19:01:59","slug":"tras-21-nuevos-casos-de-covid-19-entre-rios-supero-los-700-contagios","status":"publish","type":"post","link":"https:\/\/www.actualidadadiario.com\/index.php\/2020\/07\/24\/tras-21-nuevos-casos-de-covid-19-entre-rios-supero-los-700-contagios\/","title":{"rendered":"Tras 21 nuevos casos de Covid-19, Entre R\u00edos super\u00f3 los 700 contagios"},"content":{"rendered":"<p style=\"text-align: center;\"><em><strong>El \u00e1rea de Vigilancia Epidemiol\u00f3gica del Ministerio de Salud confirm\u00f3 que este viernes se registraron 21 nuevos casos de coronavirus en Entre R\u00edos. Con esta cifra, el total se extiende a 713<\/strong><\/em><\/p>\n<p>&nbsp;<\/p>\n<p>&nbsp;<\/p>\n<p>Los cinco primeros corresponden a la ciudad de Paran\u00e1. Tres de ellos son contactos estrechos de pacientes con Covid-19, y los dos restantes sus nexos se encuentran en investigaci\u00f3n.<\/p>\n<p>Otros 11 casos fueron detectados en Gualeguaych\u00fa. Un paciente tiene antecedente de viaje a provincia con transmisi\u00f3n comunitaria (Buenos Aires), y ocho son contactos estrechos de pacientes con Covid-19. De los \u00faltimos dos, sus nexos epidemiol\u00f3gicos se encuentran en estudio.<\/p>\n<p>Los siguientes dos casos pertenecen a la localidad de Villa del Rosario, departamento Federaci\u00f3n. Son contactos estrechos de pacientes con coronavirus.<\/p>\n<p>Asimismo, un caso fue confirmado en San Jos\u00e9, departamento Col\u00f3n y tiene antecedente de viaje a Buenos Aires.<\/p>\n<p>Finalmente los \u00faltimos dos casos corresponden al departamento Diamante, uno de la ciudad cabecera y el restante de la ciudad General Ram\u00edrez. En ambos casos, sus nexos se encuentran en estudio.<\/p>\n<p>De ese modo, en la provincia son 713 los casos confirmados.<\/p>\n<p>&nbsp;<\/p>\n","protected":false},"excerpt":{"rendered":"<p>El \u00e1rea de Vigilancia Epidemiol\u00f3gica del Ministerio de Salud confirm\u00f3 que este viernes se registraron 21 nuevos casos de coronavirus en Entre R\u00edos. Con esta cifra, el total se extiende a 713 &nbsp; &nbsp; Los cinco primeros corresponden a la ciudad de Paran\u00e1. Tres de ellos son contactos estrechos de pacientes con Covid-19, y los dos restantes sus nexos se encuentran en investigaci\u00f3n. Otros 11 casos fueron detectados en Gualeguaych\u00fa. Un paciente tiene antecedente de viaje a provincia con transmisi\u00f3n comunitaria (Buenos Aires), y ocho son contactos estrechos de pacientes&#8230;<\/p>\n","protected":false},"author":3,"featured_media":64337,"comment_status":"closed","ping_status":"closed","sticky":false,"template":"","format":"standard","meta":[],"categories":[15],"tags":[],"_links":{"self":[{"href":"https:\/\/www.actualidadadiario.com\/index.php\/wp-json\/wp\/v2\/posts\/64631"}],"collection":[{"href":"https:\/\/www.actualidadadiario.com\/index.php\/wp-json\/wp\/v2\/posts"}],"about":[{"href":"https:\/\/www.actualidadadiario.com\/index.php\/wp-json\/wp\/v2\/types\/post"}],"author":[{"embeddable":true,"href":"https:\/\/www.actualidadadiario.com\/index.php\/wp-json\/wp\/v2\/users\/3"}],"replies":[{"embeddable":true,"href":"https:\/\/www.actualidadadiario.com\/index.php\/wp-json\/wp\/v2\/comments?post=64631"}],"version-history":[{"count":1,"href":"https:\/\/www.actualidadadiario.com\/index.php\/wp-json\/wp\/v2\/posts\/64631\/revisions"}],"predecessor-version":[{"id":64632,"href":"https:\/\/www.actualidadadiario.com\/index.php\/wp-json\/wp\/v2\/posts\/64631\/revisions\/64632"}],"wp:featuredmedia":[{"embeddable":true,"href":"https:\/\/www.actualidadadiario.com\/index.php\/wp-json\/wp\/v2\/media\/64337"}],"wp:attachment":[{"href":"https:\/\/www.actualidadadiario.com\/index.php\/wp-json\/wp\/v2\/media?parent=64631"}],"wp:term":[{"taxonomy":"category","embeddable":true,"href":"https:\/\/www.actualidadadiario.com\/index.php\/wp-json\/wp\/v2\/categories?post=64631"},{"taxonomy":"post_tag","embeddable":true,"href":"https:\/\/www.actualidadadiario.com\/index.php\/wp-json\/wp\/v2\/tags?post=64631"}],"curies":[{"name":"wp","href":"https:\/\/api.w.org\/{rel}","templated":true}]}}