{"id":64625,"date":"2020-07-24T13:18:44","date_gmt":"2020-07-24T16:18:44","guid":{"rendered":"https:\/\/www.actualidadadiario.com\/?p=64625"},"modified":"2020-07-30T16:01:59","modified_gmt":"2020-07-30T19:01:59","slug":"gestionan-financiamiento-ante-nacion-para-obras-de-infraestructura","status":"publish","type":"post","link":"https:\/\/www.actualidadadiario.com\/index.php\/2020\/07\/24\/gestionan-financiamiento-ante-nacion-para-obras-de-infraestructura\/","title":{"rendered":"Gestionan financiamiento ante Naci\u00f3n para obras de infraestructura"},"content":{"rendered":"<p style=\"text-align: center;\"><em><strong>La provincia trabaja junto a Naci\u00f3n en ejes definidos por el gobernador Gustavo Bordet como prioritarios para el desarrollo arm\u00f3nico e inclusivo de la provincia<\/strong><\/em><\/p>\n<p>&nbsp;<\/p>\n<p>&nbsp;<\/p>\n<p>Para ello, funcionarios de los ministerios de Producci\u00f3n, Econom\u00eda e Infraestructura provincial y nacional mantuvieron una reuni\u00f3n de trabajo que seguir\u00e1 con el acuerdo de los planes de acci\u00f3n.<\/p>\n<p>Puertos, ferrocarriles, energ\u00eda, infraestructura en caminos de la producci\u00f3n, conectividad para el desarrollo productivo, parques industriales, y la articulaci\u00f3n con el conocimiento cient\u00edfico y universidades fueron algunos de los ejes definidos para trabajar articuladamente con miras a un desarrollo \u201carm\u00f3nico e inclusivo\u201d de la provincial.<\/p>\n<p>Los ministros de Producci\u00f3n, Juan Jos\u00e9 Bahillo; Econom\u00eda, Hugo Ballay; y Planeamiento, Marcelo Richard, y la secretaria de Modernizaci\u00f3n, Lucrecia Escand\u00f3n, mantuvieron una reuni\u00f3n de trabajo virtual con funcionarios de los ministerios del Interior, Econom\u00eda y de Infraestructura de la Naci\u00f3n.<\/p>\n<p>Al respecto, Bahillo detall\u00f3 que &#8220;la idea es empezar a trabajar en los cinco vectores m\u00e1s importantes que tiene la provincia de desarrollo en el marco de la definiciones que dio el gobernador Bordet para trabajar en el crecimiento que contemple el desarrollo arm\u00f3nico e inclusivo de la provincia&#8221;.<\/p>\n<p>Aclar\u00f3 que &#8220;el crecimiento no sea s\u00f3lo en t\u00e9rminos de valores econ\u00f3micos, si no tambi\u00e9n que sea un crecimiento con generaci\u00f3n de nuevos puestos de trabajo e inclusi\u00f3n. Es decir, un crecimiento con equidad y que incluya a todos los sectores&#8221;.<\/p>\n<p>En ese marco, detall\u00f3 que durante el encuentro se expuso a los funcionarios nacionales cuales son los ejes m\u00e1s importantes. &#8220;Tienen que ver con puertos, ferrocarriles, una pol\u00edtica energ\u00e9tica, infraestructura en caminos de la producci\u00f3n, conectividad para el desarrollo productivo, de parques industriales, la articulaci\u00f3n con el conocimiento cient\u00edfico, las universidades. Una primera reuni\u00f3n donde se trazaron estos ejes, y quedamos en seguir trabajando. Seguramente a partir de los ejes delineados se establecer\u00e1n los programas para dar respuesta a estas definiciones&#8221;, precis\u00f3.<\/p>\n<p>&#8220;Esto es un trabajo previo a la pandemia y las definiciones estrat\u00e9gicas el gobernador Borde las marc\u00f3 desde la anterior gesti\u00f3n. Obviamente que alcanzados los objetivos, se van renovando los mismos y esos lineamientos de trabajo. Es un trabajo articulado que se tiene bajo la definiciones del gobernador y de manera interministerial con un equipo de trabajo&#8221;, insisti\u00f3.<\/p>\n<p>M\u00e1s adelante, el ministro de Producci\u00f3n asegur\u00f3 que &#8220;hay un demostrado inter\u00e9s en conocer en particularidad cuales son las prioridades de la provincia para trabajar en el mismo sentido&#8221;.<\/p>\n<p>&nbsp;<\/p>\n<p><strong>Conectividad, producci\u00f3n y universidades<\/strong><\/p>\n<p>Por su parte, la secretaria de Modernizaci\u00f3n, Lucrecia Escand\u00f3n, defini\u00f3 que &#8220;reuniones como estas son una enorme oportunidad de articular programas y planes de desarrollo entre Naci\u00f3n y las provincias. Creo que hay pocos antecedentes de la construcci\u00f3n de un programa de desarrollo nacional que tenga en cuenta las perspectivas, prioridades y oportunidades de desarrollo federales&#8221;.<\/p>\n<p>En ese sentido, precis\u00f3 que &#8220;lo que hace espec\u00edficamente al \u00e1rea de Modernizaci\u00f3n, se trabaj\u00f3 con puntos que tienen que ver con el plan de desarrollo. Por un lado, todo lo que hace a la conectividad. El plan de desarrollo de telecomunicaciones y conectividad que se viene haciendo junto a Enersa prioriz\u00f3 las tem\u00e1ticas de inclusi\u00f3n digital, servicios gubernamentales y el desarrollo de la conectividad vinculado con la producci\u00f3n para llevarla a puertos y parques industriales&#8221;.<\/p>\n<p>Tambi\u00e9n estuvo en agenda &#8220;la articulaci\u00f3n que lleva adelante la provincia con las universidades y c\u00e1maras empresarias&#8221;, adem\u00e1s de &#8220;los desaf\u00edos de articulaci\u00f3n que se tiene al interior de la provincia y que tienen que ver con una equilibrada distribuci\u00f3n demogr\u00e1fica y el poder incorporar cada una de las cadenas de valor en el marco del plan de desarrollo provincia&#8221;, concluy\u00f3.<\/p>\n","protected":false},"excerpt":{"rendered":"<p>La provincia trabaja junto a Naci\u00f3n en ejes definidos por el gobernador Gustavo Bordet como prioritarios para el desarrollo arm\u00f3nico e inclusivo de la provincia &nbsp; &nbsp; Para ello, funcionarios de los ministerios de Producci\u00f3n, Econom\u00eda e Infraestructura provincial y nacional mantuvieron una reuni\u00f3n de trabajo que seguir\u00e1 con el acuerdo de los planes de acci\u00f3n. Puertos, ferrocarriles, energ\u00eda, infraestructura en caminos de la producci\u00f3n, conectividad para el desarrollo productivo, parques industriales, y la articulaci\u00f3n con el conocimiento cient\u00edfico y universidades fueron algunos de los ejes definidos para trabajar articuladamente&#8230;<\/p>\n","protected":false},"author":3,"featured_media":64626,"comment_status":"closed","ping_status":"closed","sticky":false,"template":"","format":"standard","meta":[],"categories":[15],"tags":[],"_links":{"self":[{"href":"https:\/\/www.actualidadadiario.com\/index.php\/wp-json\/wp\/v2\/posts\/64625"}],"collection":[{"href":"https:\/\/www.actualidadadiario.com\/index.php\/wp-json\/wp\/v2\/posts"}],"about":[{"href":"https:\/\/www.actualidadadiario.com\/index.php\/wp-json\/wp\/v2\/types\/post"}],"author":[{"embeddable":true,"href":"https:\/\/www.actualidadadiario.com\/index.php\/wp-json\/wp\/v2\/users\/3"}],"replies":[{"embeddable":true,"href":"https:\/\/www.actualidadadiario.com\/index.php\/wp-json\/wp\/v2\/comments?post=64625"}],"version-history":[{"count":1,"href":"https:\/\/www.actualidadadiario.com\/index.php\/wp-json\/wp\/v2\/posts\/64625\/revisions"}],"predecessor-version":[{"id":64627,"href":"https:\/\/www.actualidadadiario.com\/index.php\/wp-json\/wp\/v2\/posts\/64625\/revisions\/64627"}],"wp:featuredmedia":[{"embeddable":true,"href":"https:\/\/www.actualidadadiario.com\/index.php\/wp-json\/wp\/v2\/media\/64626"}],"wp:attachment":[{"href":"https:\/\/www.actualidadadiario.com\/index.php\/wp-json\/wp\/v2\/media?parent=64625"}],"wp:term":[{"taxonomy":"category","embeddable":true,"href":"https:\/\/www.actualidadadiario.com\/index.php\/wp-json\/wp\/v2\/categories?post=64625"},{"taxonomy":"post_tag","embeddable":true,"href":"https:\/\/www.actualidadadiario.com\/index.php\/wp-json\/wp\/v2\/tags?post=64625"}],"curies":[{"name":"wp","href":"https:\/\/api.w.org\/{rel}","templated":true}]}}