{"id":64622,"date":"2020-07-24T13:17:47","date_gmt":"2020-07-24T16:17:47","guid":{"rendered":"https:\/\/www.actualidadadiario.com\/?p=64622"},"modified":"2020-07-30T16:01:59","modified_gmt":"2020-07-30T19:01:59","slug":"desde-ater-detallaron-las-medidas-de-alivio-y-los-diferimientos-fiscales-que-establecio-la-provincia","status":"publish","type":"post","link":"https:\/\/www.actualidadadiario.com\/index.php\/2020\/07\/24\/desde-ater-detallaron-las-medidas-de-alivio-y-los-diferimientos-fiscales-que-establecio-la-provincia\/","title":{"rendered":"Desde ATER detallaron las medidas de alivio y los diferimientos fiscales que estableci\u00f3 la provincia"},"content":{"rendered":"<p style=\"text-align: center;\"><em><strong>Las medidas anunciadas este martes alcanzan al sector productivo cuyas actividades refieren al turismo, la gastronom\u00eda, la cultura, el deporte y el esparcimiento, y el transporte y a los contribuyentes generales con dificultades en el cumplimiento de reg\u00edmenes de facilidades<\/strong><\/em><\/p>\n<p>&nbsp;<\/p>\n<p>&nbsp;<\/p>\n<p>El titular de la Administradora Tributaria (ATER) Germ\u00e1n Gran\u00e9, brind\u00f3 detalles sobre las decisiones impositivas contenidas en el decreto 1128\/2020 y anunciadas este martes por el gobernador Bordet y los ministros de Econom\u00eda y Producci\u00f3n.<\/p>\n<p>\u201cEstas medidas se suman a los distintos paquetes de beneficios y medidas de alivio fiscal que desde el gobierno provincial y la ATER hemos puesto a disposici\u00f3n para mitigar los efectos de la pandemia en los sectores productivos, algunos de los cu\u00e1les a\u00fan est\u00e1n imposibilitados de de ejercer su actividad con normalidad. dijo\u201d<\/p>\n<p>Los beneficios anunciados refieren a diferimientos en distintos tributos y fundamentalmente oportunidades de cumplimiento a 2021 para contribuyentes generales que presentaron incumplimientos en sus reg\u00edmenes de facilidades de pago.<\/p>\n<p>&nbsp;<\/p>\n<p><strong>Diferimientos<\/strong><\/p>\n<p>En materia de Ingresos Brutos, el Decreto 1128\/2020 MEHF difiere hasta el 31 de diciembre 2020 los per\u00edodos devengados de julio a noviembre de 2020 a los contribuyentes que tributan bajo el r\u00e9gimen general, de convenio multilateral con sede en la provincia de Entre R\u00edos y r\u00e9gimen simplificado, que desarrollan actividades econ\u00f3micas referidas a Deportes y Esparcimiento, Cultura, Turismo, Bares y Restaurantes y Transporte de Pasajeros.<\/p>\n<p>Del mismo modo, difiere hasta el 31 de diciembre de 2020 el pago de los aportes patronales del Fondo de Integraci\u00f3n de Asistencia Social Ley N\u00b04.035 de los per\u00edodos julio a noviembre 2020 a los contribuyentes que tambi\u00e9n realizan esas actividades siempre que \u00e9stas sean las de mayores ingresos declarados.<\/p>\n<p>Por otra parte, en materia del Impuesto Inmobiliario urbano dispone el diferimiento -tambi\u00e9n hasta el 31 de diciembre de 2020- del 3\u00b0, 4\u00b0 y 5\u00b0 anticipo del a\u00f1o 2020 a los propietarios de los inmuebles afectados a las actividades econ\u00f3micas contenidas espec\u00edficamente en los rubros Bares y Restaurantes, Deportes y Esparcimiento, Cultura y Turismo.<\/p>\n<p>En materia de transporte, la norma difiere el pago del impuesto a los automotores a los propietarios de los veh\u00edculos afectados a las actividades de transporte de pasajeros de tipo interurbano, escolares, tur\u00edsticos y otros que podr\u00e1n abonar el 3\u00b0 y 4\u00b0 anticipo 2020 del tributo hasta el 31 de diciembre pr\u00f3ximo.<\/p>\n<p>&nbsp;<\/p>\n<p><strong>Suspensi\u00f3n de caducidades y oportunidades de pago<\/strong><\/p>\n<p>En materia de reg\u00edmenes de financiaci\u00f3n suscritos contribuyentes en general, la norma garantiza la vigencia de los beneficios oportunamente otorgados, dejando sin efecto las caducidades producidas por incumplimientos en las cuotas de marzo, abril y mayo de 2020. Adem\u00e1s, suspende futuras caducidades para aquellos que registren incumplimientos en las cuotas sucesivas de junio a diciembre de 2020 y establece una \u00fanica ventana de cumplimiento para ambos casos hasta el 28 de febrero de 2021.<\/p>\n<p>&nbsp;<\/p>\n<p><strong>La tramitaci\u00f3n ser\u00e1 en agosto<\/strong><\/p>\n<p>Finalmente, desde el \u00e1rea de impuestos de ATER anticiparon que a lo largo del mes de agosto se brindar\u00e1n detalles para la gesti\u00f3n de la operatoria a trav\u00e9s del sitio web de ater (www.ater.gob.ar).<\/p>\n<p>Tambi\u00e9n, recuerdan la disponibilidad para realizar consultas a trav\u00e9s del Servicio de Asistencia al Ciudadano de lunes a viernes de 8:00 a 13:00 llamando al 0810 888-2837<\/p>\n","protected":false},"excerpt":{"rendered":"<p>Las medidas anunciadas este martes alcanzan al sector productivo cuyas actividades refieren al turismo, la gastronom\u00eda, la cultura, el deporte y el esparcimiento, y el transporte y a los contribuyentes generales con dificultades en el cumplimiento de reg\u00edmenes de facilidades &nbsp; &nbsp; El titular de la Administradora Tributaria (ATER) Germ\u00e1n Gran\u00e9, brind\u00f3 detalles sobre las decisiones impositivas contenidas en el decreto 1128\/2020 y anunciadas este martes por el gobernador Bordet y los ministros de Econom\u00eda y Producci\u00f3n. \u201cEstas medidas se suman a los distintos paquetes de beneficios y medidas de&#8230;<\/p>\n","protected":false},"author":3,"featured_media":64623,"comment_status":"closed","ping_status":"closed","sticky":false,"template":"","format":"standard","meta":[],"categories":[15],"tags":[],"_links":{"self":[{"href":"https:\/\/www.actualidadadiario.com\/index.php\/wp-json\/wp\/v2\/posts\/64622"}],"collection":[{"href":"https:\/\/www.actualidadadiario.com\/index.php\/wp-json\/wp\/v2\/posts"}],"about":[{"href":"https:\/\/www.actualidadadiario.com\/index.php\/wp-json\/wp\/v2\/types\/post"}],"author":[{"embeddable":true,"href":"https:\/\/www.actualidadadiario.com\/index.php\/wp-json\/wp\/v2\/users\/3"}],"replies":[{"embeddable":true,"href":"https:\/\/www.actualidadadiario.com\/index.php\/wp-json\/wp\/v2\/comments?post=64622"}],"version-history":[{"count":1,"href":"https:\/\/www.actualidadadiario.com\/index.php\/wp-json\/wp\/v2\/posts\/64622\/revisions"}],"predecessor-version":[{"id":64624,"href":"https:\/\/www.actualidadadiario.com\/index.php\/wp-json\/wp\/v2\/posts\/64622\/revisions\/64624"}],"wp:featuredmedia":[{"embeddable":true,"href":"https:\/\/www.actualidadadiario.com\/index.php\/wp-json\/wp\/v2\/media\/64623"}],"wp:attachment":[{"href":"https:\/\/www.actualidadadiario.com\/index.php\/wp-json\/wp\/v2\/media?parent=64622"}],"wp:term":[{"taxonomy":"category","embeddable":true,"href":"https:\/\/www.actualidadadiario.com\/index.php\/wp-json\/wp\/v2\/categories?post=64622"},{"taxonomy":"post_tag","embeddable":true,"href":"https:\/\/www.actualidadadiario.com\/index.php\/wp-json\/wp\/v2\/tags?post=64622"}],"curies":[{"name":"wp","href":"https:\/\/api.w.org\/{rel}","templated":true}]}}