{"id":64619,"date":"2020-07-24T13:16:49","date_gmt":"2020-07-24T16:16:49","guid":{"rendered":"https:\/\/www.actualidadadiario.com\/?p=64619"},"modified":"2020-07-30T16:01:59","modified_gmt":"2020-07-30T19:01:59","slug":"entre-rios-adhirio-al-protocolo-nacional-para-el-uso-de-plasma-de-pacientes-recuperados-de-covid-19","status":"publish","type":"post","link":"https:\/\/www.actualidadadiario.com\/index.php\/2020\/07\/24\/entre-rios-adhirio-al-protocolo-nacional-para-el-uso-de-plasma-de-pacientes-recuperados-de-covid-19\/","title":{"rendered":"Entre R\u00edos adhiri\u00f3 al protocolo nacional para el uso de plasma de pacientes recuperados de Covid-19"},"content":{"rendered":"<p style=\"text-align: center;\"><em><strong>En los pr\u00f3ximos d\u00edas, en hospitales de Paran\u00e1, Concordia, Gualeguaych\u00fa y Concepci\u00f3n del Uruguay, comenzar\u00e1n a realizar procedimientos para utilizar con fines terap\u00e9uticos el plasma de pacientes que tuvieron Coronavirus y que ya fueron dados de alta. Servir\u00e1 para quienes todav\u00eda cursan la enfermedad<\/strong><\/em><\/p>\n<p>&nbsp;<\/p>\n<p>&nbsp;<\/p>\n<p>La provincia de Entre R\u00edos adhiri\u00f3 a la Resoluci\u00f3n N\u00b0 783\/20 del Ministerio de Salud de la Naci\u00f3n, por la cual se crea el Plan Estrat\u00e9gico para Regular el Uso de Plasma de Pacientes Recuperados de Covid-19 con fines terap\u00e9uticos. A partir de este documento tambi\u00e9n se aprob\u00f3 el Protocolo de Acceso Extendido para uso de Plasma de Convalecientes con Infecci\u00f3n de Coronavirus, que regula el procedimiento.<\/p>\n<p>De esta manera, el tratamiento experimental servir\u00e1 para pacientes que a\u00fan est\u00e9n cursando el Covid-19 positivo. No se trata de una t\u00e9cnica preventiva ni para sintomatolog\u00eda leve, sino que se aplica en personas con la enfermedad instalada, para que no evolucione a casos graves.<\/p>\n<p>La coordinaci\u00f3n general de la implementaci\u00f3n en Entre R\u00edos del uso de plasma para el tratamiento de pacientes con Coronavirus estar\u00e1 a cargo del Programa Provincial de Hemoterapia que funciona bajo la \u00f3rbita de la Secretar\u00eda de Salud de la cartera sanitaria.<\/p>\n<p>Puntualmente, el Programa deber\u00e1 consensuar las extracciones as\u00ed como el uso de este valioso recurso con los distintos bancos de sangre, que funcionan en los hospitales, de forma tal de contar con un control del stock disponible para utilizar en los lugares de la provincia que lo requieran.<\/p>\n<p>En este contexto, mediante la Resoluci\u00f3n N\u00b0 2.659 del Ministerio de Salud, se aprobaron los protocolos, y se definieron como centros de extracci\u00f3n manual de plasma los Bancos de Sangre instalados en los hospitales San Mart\u00edn y San Roque (ambos de Paran\u00e1); Masvernat de Concordia; Justo Jos\u00e9 de Urquiza de Concepci\u00f3n del Uruguay; y Centenario de Gualeguaych\u00fa. Adem\u00e1s se design\u00f3 como responsables del monitoreo de extracci\u00f3n de plasma manual a los titulares de esos servicios en cada instituci\u00f3n.<\/p>\n<p>Adem\u00e1s se estableci\u00f3 que el plasma obtenido podr\u00eda ser trasfundido en las Unidades de Cuidados Intensivos de otros hospitales, adem\u00e1s de los citados: De La Baxada Dra. Teresa Ratto de la capital entrerriana; San Benjam\u00edn de Col\u00f3n y San Antonio de Gualeguay.<\/p>\n<p>Cabe citar que para la aprobaci\u00f3n de este protocolo se atendieron las observaciones realizadas por el Comit\u00e9 Central de Bio\u00e9tica en la Pr\u00e1ctica y en la Investigaci\u00f3n Biom\u00e9dica Provincial (ligadas a los criterios de inclusi\u00f3n y exclusi\u00f3n, consentimiento informado y condiciones de participaci\u00f3n); y los informes de la Secretar\u00eda de Salud y la Coordinaci\u00f3n General y Direcci\u00f3n de Asuntos Jur\u00eddicos, en funci\u00f3n de lo novedoso de la enfermedad y la urgencia que el caso amerita de acuerdo a la normativa vigente.<\/p>\n<p>&nbsp;<\/p>\n<p><strong>Sobre el tratamiento<\/strong><\/p>\n<p>Por estas horas, desde el Ministerio de Salud, delinean los \u00faltimos detalles para dar a conocer c\u00f3mo ser\u00e1 la comunicaci\u00f3n con los pacientes recuperados para que accedan -de forma voluntaria, altruista y no remunerada- al procedimiento.<\/p>\n<p>En este sentido, la responsable del Programa Provincial de Hemoterapia, Lucrecia Etcheverry, indic\u00f3: \u201cVen\u00edamos trabajando en esto y ya tenemos la autorizaci\u00f3n de la ministra de Salud para poder hacer la recolecci\u00f3n del plasma con la finalidad de que est\u00e9 disponible para el tratamiento experimental. Por esto, lleva tantos pasos y es una extensi\u00f3n del protocolo nacional que se est\u00e1 utilizando\u201d.<\/p>\n<p>\u201cPueden acceder a la donaci\u00f3n las personas que hayan tenido Covid-19, y luego de 21 d\u00edas despu\u00e9s del diagn\u00f3stico, que tengan dos pruebas con resultado negativo\u201d, explic\u00f3 la profesional. A su vez, aclar\u00f3: \u201cLos requisitos son los mismos que se manejan para la donaci\u00f3n de sangre (tener entre 18 y 65 a\u00f1os; buen estado de salud; y, en este caso, no haber tenido embarazos o abortos; y haber pasado 14 d\u00edas de la finalizaci\u00f3n de los s\u00edntomas de Coronavirus)\u201d.<\/p>\n<p>Previo a la extracci\u00f3n, se hace un an\u00e1lisis de los anticuerpos para evaluar si vale la pena realizar el procedimiento, teniendo en cuenta que no todas las personas que tuvieron la enfermedad, desarrollaron esos anticuerpos.<\/p>\n<p>\u201cEl procedimiento es distinto a la donaci\u00f3n de sangre, lleva m\u00e1s tiempo (unas dos horas y media) y la diferencia est\u00e1 en que nosotros devolvemos los gl\u00f3bulos al donante porque s\u00f3lo utilizamos el plasma en este caso\u201d, se\u00f1al\u00f3 Etcheverry. En tanto, remarc\u00f3: \u201cEn esta t\u00e9cnica, pueden extraerse hasta dos unidades de plasma, por lo que el tiempo es mayor a una donaci\u00f3n com\u00fan y se hace s\u00f3lo en los Bancos de Sangre habilitados, con la firma del consentimiento correspondiente del paciente\u201d.<\/p>\n<p>&nbsp;<\/p>\n<p>Por consultas, se podr\u00e1n comunicar al tel\u00e9fono del Programa: 0343-4224882.<\/p>\n<p>Subsecretar\u00eda de Prensa y Pol\u00edticas de Comunicaci\u00f3n http:\/\/www.entrerios.gov.ar\/msalud<\/p>\n<p>Direcci\u00f3n de Relaciones Institucionales y Comunicaci\u00f3n (DRIyC)<\/p>\n<p>Tel\u00e9fono: 0343 &#8211; 4840768<\/p>\n","protected":false},"excerpt":{"rendered":"<p>En los pr\u00f3ximos d\u00edas, en hospitales de Paran\u00e1, Concordia, Gualeguaych\u00fa y Concepci\u00f3n del Uruguay, comenzar\u00e1n a realizar procedimientos para utilizar con fines terap\u00e9uticos el plasma de pacientes que tuvieron Coronavirus y que ya fueron dados de alta. Servir\u00e1 para quienes todav\u00eda cursan la enfermedad &nbsp; &nbsp; La provincia de Entre R\u00edos adhiri\u00f3 a la Resoluci\u00f3n N\u00b0 783\/20 del Ministerio de Salud de la Naci\u00f3n, por la cual se crea el Plan Estrat\u00e9gico para Regular el Uso de Plasma de Pacientes Recuperados de Covid-19 con fines terap\u00e9uticos. A partir de este&#8230;<\/p>\n","protected":false},"author":3,"featured_media":64620,"comment_status":"closed","ping_status":"closed","sticky":false,"template":"","format":"standard","meta":[],"categories":[9,15],"tags":[],"_links":{"self":[{"href":"https:\/\/www.actualidadadiario.com\/index.php\/wp-json\/wp\/v2\/posts\/64619"}],"collection":[{"href":"https:\/\/www.actualidadadiario.com\/index.php\/wp-json\/wp\/v2\/posts"}],"about":[{"href":"https:\/\/www.actualidadadiario.com\/index.php\/wp-json\/wp\/v2\/types\/post"}],"author":[{"embeddable":true,"href":"https:\/\/www.actualidadadiario.com\/index.php\/wp-json\/wp\/v2\/users\/3"}],"replies":[{"embeddable":true,"href":"https:\/\/www.actualidadadiario.com\/index.php\/wp-json\/wp\/v2\/comments?post=64619"}],"version-history":[{"count":1,"href":"https:\/\/www.actualidadadiario.com\/index.php\/wp-json\/wp\/v2\/posts\/64619\/revisions"}],"predecessor-version":[{"id":64621,"href":"https:\/\/www.actualidadadiario.com\/index.php\/wp-json\/wp\/v2\/posts\/64619\/revisions\/64621"}],"wp:featuredmedia":[{"embeddable":true,"href":"https:\/\/www.actualidadadiario.com\/index.php\/wp-json\/wp\/v2\/media\/64620"}],"wp:attachment":[{"href":"https:\/\/www.actualidadadiario.com\/index.php\/wp-json\/wp\/v2\/media?parent=64619"}],"wp:term":[{"taxonomy":"category","embeddable":true,"href":"https:\/\/www.actualidadadiario.com\/index.php\/wp-json\/wp\/v2\/categories?post=64619"},{"taxonomy":"post_tag","embeddable":true,"href":"https:\/\/www.actualidadadiario.com\/index.php\/wp-json\/wp\/v2\/tags?post=64619"}],"curies":[{"name":"wp","href":"https:\/\/api.w.org\/{rel}","templated":true}]}}