{"id":64617,"date":"2020-07-24T13:15:45","date_gmt":"2020-07-24T16:15:45","guid":{"rendered":"https:\/\/www.actualidadadiario.com\/?p=64617"},"modified":"2020-07-30T16:01:59","modified_gmt":"2020-07-30T19:01:59","slug":"santa-ana-paso-a-la-etapa-de-distanciamiento-social","status":"publish","type":"post","link":"https:\/\/www.actualidadadiario.com\/index.php\/2020\/07\/24\/santa-ana-paso-a-la-etapa-de-distanciamiento-social\/","title":{"rendered":"Santa Ana pas\u00f3 a la etapa de distanciamiento social"},"content":{"rendered":"<p style=\"text-align: center;\"><em><strong>El intendente de Santa Ana, departamento Federaci\u00f3n, Rogelio Zanandrea, confirm\u00f3 que tras 20 d\u00edas de no registrar nuevos casos de coronavirus, la localidad pas\u00f3 a la fase de distanciamiento social. Tampoco quedan casos activos. Adelant\u00f3 que paulatinamente se ir\u00e1n habilitando nuevas actividades<\/strong><\/em><\/p>\n<p>&nbsp;<\/p>\n<p>&nbsp;<\/p>\n<p>&#8220;Afortunadamente hoy hace 20 d\u00edas Santa Ana no registra nuevos casos de coronavirus, el \u00faltimo se registr\u00f3 el 3 de julio, pero adem\u00e1s el domingo pasado se dieron de alta los \u00faltimos pacientes que hab\u00edan contra\u00eddo la enfermedad&#8221;, confirm\u00f3 el presidente municipal.<\/p>\n<p>En di\u00e1logo con esta Agencia, Zanadrea adelant\u00f3 que &#8220;gracias al esfuerzo de los vecinos&#8221; a partir del lunes la localidad saldr\u00e1 de la fase uno de aislamiento total -en la que estuvo durante tres semanas- y hasta el pr\u00f3ximo domingo pase a la etapa de distanciamiento social.<\/p>\n<p>&#8220;Vamos a habilitar solo algunas actividades mientras monitoreamos c\u00f3mo se comporta la sociedad. Creemos que en esta etapa es fundamental el compromiso social para no tener que volver a la fase uno&#8221;, dijo.<\/p>\n<p>Por ello, anticip\u00f3 que los comercios deber\u00e1n continuar con los protocolos que incluyen el uso del barbijo y una cantidad limitada en el ingreso a los locales comerciales, entre otras. &#8220;Desde el municipio diariamente se hace una inspecci\u00f3n respecto de la capacidad de personas que pueden estar adentro y el uso del barbijo. Adem\u00e1s, a partir de la etapa de distanciamiento extendimos el horario de atenci\u00f3n hasta las 20, y de a poco vamos a ir semana tras semana ganando algunos espacios&#8221;, coment\u00f3.<\/p>\n<p>Respecto de los cuidados, el presidente municipal indic\u00f3 que continuar\u00e1n con la aplicaci\u00f3n de protocolos de higiene y bioseguridad en el \u00fanico ingreso que tiene la localidad: &#8220;Nosotros tenemos un ret\u00e9n en el ingreso que fue instalado hace tres semanas y que es estricto&#8221;.<\/p>\n<p>Por ende se continuar\u00e1 con prohibici\u00f3n de ingreso a aquellas personas que no residen en la localidad provenientes de los puestos de Mercado de Buenos Aires, donde hay un alto nivel de circulaci\u00f3n del virus.<\/p>\n<p>En ese sentido, confirm\u00f3 que ning\u00fan camionero que ingresa a Santa Ana llev\u00f3 el virus, ya que no se bajan en el Mercado y trabajan con cabinas selladas.<\/p>\n<p>Por \u00faltimo, destac\u00f3 el comportamiento de los vecinos de Santa Ana, quienes pese a &#8220;tener una vida social muy activa, han sido muy obedientes cuando el Estado impuso algunas medidas&#8221;: &#8220;Esto qued\u00f3 demostrado con el cese de los contagios desde hace tres semanas, pero adem\u00e1s vimos que tomaron conciencia de lo que ocurri\u00f3&#8221;, finaliz\u00f3.<\/p>\n<p>&nbsp;<\/p>\n","protected":false},"excerpt":{"rendered":"<p>El intendente de Santa Ana, departamento Federaci\u00f3n, Rogelio Zanandrea, confirm\u00f3 que tras 20 d\u00edas de no registrar nuevos casos de coronavirus, la localidad pas\u00f3 a la fase de distanciamiento social. Tampoco quedan casos activos. Adelant\u00f3 que paulatinamente se ir\u00e1n habilitando nuevas actividades &nbsp; &nbsp; &#8220;Afortunadamente hoy hace 20 d\u00edas Santa Ana no registra nuevos casos de coronavirus, el \u00faltimo se registr\u00f3 el 3 de julio, pero adem\u00e1s el domingo pasado se dieron de alta los \u00faltimos pacientes que hab\u00edan contra\u00eddo la enfermedad&#8221;, confirm\u00f3 el presidente municipal. En di\u00e1logo con esta&#8230;<\/p>\n","protected":false},"author":3,"featured_media":63504,"comment_status":"closed","ping_status":"closed","sticky":false,"template":"","format":"standard","meta":[],"categories":[9,15],"tags":[],"_links":{"self":[{"href":"https:\/\/www.actualidadadiario.com\/index.php\/wp-json\/wp\/v2\/posts\/64617"}],"collection":[{"href":"https:\/\/www.actualidadadiario.com\/index.php\/wp-json\/wp\/v2\/posts"}],"about":[{"href":"https:\/\/www.actualidadadiario.com\/index.php\/wp-json\/wp\/v2\/types\/post"}],"author":[{"embeddable":true,"href":"https:\/\/www.actualidadadiario.com\/index.php\/wp-json\/wp\/v2\/users\/3"}],"replies":[{"embeddable":true,"href":"https:\/\/www.actualidadadiario.com\/index.php\/wp-json\/wp\/v2\/comments?post=64617"}],"version-history":[{"count":1,"href":"https:\/\/www.actualidadadiario.com\/index.php\/wp-json\/wp\/v2\/posts\/64617\/revisions"}],"predecessor-version":[{"id":64618,"href":"https:\/\/www.actualidadadiario.com\/index.php\/wp-json\/wp\/v2\/posts\/64617\/revisions\/64618"}],"wp:featuredmedia":[{"embeddable":true,"href":"https:\/\/www.actualidadadiario.com\/index.php\/wp-json\/wp\/v2\/media\/63504"}],"wp:attachment":[{"href":"https:\/\/www.actualidadadiario.com\/index.php\/wp-json\/wp\/v2\/media?parent=64617"}],"wp:term":[{"taxonomy":"category","embeddable":true,"href":"https:\/\/www.actualidadadiario.com\/index.php\/wp-json\/wp\/v2\/categories?post=64617"},{"taxonomy":"post_tag","embeddable":true,"href":"https:\/\/www.actualidadadiario.com\/index.php\/wp-json\/wp\/v2\/tags?post=64617"}],"curies":[{"name":"wp","href":"https:\/\/api.w.org\/{rel}","templated":true}]}}