{"id":64603,"date":"2020-07-23T14:04:00","date_gmt":"2020-07-23T17:04:00","guid":{"rendered":"https:\/\/www.actualidadadiario.com\/?p=64603"},"modified":"2020-07-30T16:02:00","modified_gmt":"2020-07-30T19:02:00","slug":"el-principio-del-fin-de-las-jubilaciones-privadas-en-chile","status":"publish","type":"post","link":"https:\/\/www.actualidadadiario.com\/index.php\/2020\/07\/23\/el-principio-del-fin-de-las-jubilaciones-privadas-en-chile\/","title":{"rendered":"El principio del fin de las jubilaciones privadas en Chile"},"content":{"rendered":"<p style=\"text-align: center;\"><em><strong>La aprobaci\u00f3n del proyecto de ley por ambas c\u00e1maras fue festejada por la oposici\u00f3n al gobierno de Pi\u00f1era, cuyo hermano fue el ide\u00f3logo del sistema privado durante la dictadura de Pinochet<\/strong><\/em><\/p>\n<p>&nbsp;<\/p>\n<p>&nbsp;<\/p>\n<p>Juan Ignacio Latorre apenas pod\u00eda contener su alegr\u00eda. \u201c\u00a1Este es el fin de las AFP!\u201d, exclam\u00f3,\u00a0 antes de confirmar su voto a favor, el senador de RD (Revoluci\u00f3n Democr\u00e1tica), partido opositor al gobierno de Sebasti\u00e1n Pi\u00f1era. El mi\u00e9rcoles a la noche el senado chileno aprob\u00f3 un proyecto de ley que permite el retiro excepcional del 10 por ciento de los fondos aportados a las administradoras de jubilaciones privadas, conocidas aqu\u00ed como Administradora de Fondos de Pensiones o AFPs. La votaci\u00f3n virtual en el senado arroj\u00f3 un resultado de 29 votos a favor, 13 en contra y una abstenci\u00f3n.<\/p>\n<p>La oposici\u00f3n celebr\u00f3 la aprobaci\u00f3n de la ley como una conquista propia.\u00a0 \u201cEl gobierno debe asumir que ha llegado tarde y mal. Las pensiones no son malas: son p\u00e9simas\u201d, dec\u00eda el senador socialista Juan Pablo Letelier (hijo de Orlando Letelier, ex canciller de Allende asesinado por orden de Pinochet en Washington en 1976) e incluso cit\u00f3 al semanario conservador The Economist: &#8220;el gobierno ha sido torpe para defender a los chilenos\u201d.\u00a0 Su par Jaime Quintana, del PPD (Partido Por la Democracia, sobreviviente de la extinta \u201cConcertaci\u00f3n\u201d que logr\u00f3 el fin de la Dictadura), se\u00f1al\u00f3: \u201cHoy estos dineros son m\u00e1s \u00fatiles en manos de las familias que en las bolsas de valores o en los bancos&#8221;<\/p>\n<p>El mi\u00e9rcoles pasado la c\u00e1mara de diputados le hab\u00eda dado media sanci\u00f3n al proyecto por 95 votos favor, 36 en contra y 22 abstenciones. El proyecto de ley pasar\u00e1 ma\u00f1ana mismo a la c\u00e1mara de diputados para consensuar modificaciones menores hechas por los senadores en una sesi\u00f3n especial programada para ma\u00f1ana jueves a las 10:00 y luego de tr\u00e1mite el proyecto ser\u00e1 despachado al escritorio de Pi\u00f1era para su promulgaci\u00f3n.<\/p>\n<p>El gobierno a\u00fan tiene el poder de vetar la ley o llevarla al tribunal constitucional en los pr\u00f3ximos d\u00edas. Pi\u00f1era, con apenas un 16 por ciento de apoyo ciudadano, ha mantenido silencio al respecto, dejando que sus voceros especulen con la posibilidad.<\/p>\n<p>El debate en el Congreso chileno se produce en medio de la crisis m\u00e1s severa experimentada por Chile desde el retorno a la Democracia y una pandemia con m\u00e1s de 12 mil muertos.<\/p>\n<p>Chile es uno de los pocos pa\u00edses del mundo en el que el sistema previsional privado ha reemplazado al p\u00fablico. El creador del sistema de las AFPs en los a\u00f1os 70 fue justamente el hermano del presidente, Jos\u00e9 Pi\u00f1era, ex ministro de Pinochet, quien, a pesar de la desconfianza del dictador logr\u00f3 que aceptara el cambio. Pero Pinochet dej\u00f3 en pie un sistema de reparto para las Fuerzas Armadas y Carabineros, cuyos integrantes ser\u00edan usados en octubre de 2019 para reprimir un estallido social paralizado por la pandemia.<\/p>\n<p>&nbsp;<\/p>\n<p><strong>La derecha cit\u00f3 a Salvador Allende<\/strong><\/p>\n<p>En la sesi\u00f3n del mi\u00e9rcoles tambi\u00e9n hubo momentos delirantes, como la performance teatral del senador de la UDI (Uni\u00f3n Dem\u00f3crata Independiente), reconocido pinochetista y militante evang\u00e9lico, Iv\u00e1n Moreira quien antes de confirmar su sorpresiva aprobaci\u00f3n, cit\u00f3 al Dalai Lama: \u201chay que estar abierto a los cambios, pero firme en las convicciones\u201d y luego a Sor Juana de la Cruz: \u201cYo, el peor de todos, reitero mi apoyo al proyecto\u201d. Su compa\u00f1era de partido, Ena Von Baer, ex ministra del primer gobierno de Pi\u00f1era, cit\u00f3 a Salvador Allende: &#8220;(\u2026) ante esta situaci\u00f3n, no solamente vet\u00f3 la ley del Congreso, sino que adem\u00e1s acudi\u00f3 al Tribunal Constitucional para defender la institucionalidad. Espero que todos los que est\u00e1n votando hoy a favor de esta ley, recuerden este momento en el cual han roto la institucionalidad chilena\u201d, dijo. La propia nieta del presidente, Maya Fern\u00e1ndez, diputada socialista dijo en twitter: \u201cPobre Chicho\u201d (sobrenombre de Allende)<\/p>\n<p>V\u00edctor P\u00e9rez, tambi\u00e9n UDI, asegur\u00f3: \u201cLa mayor\u00eda de las carreteras que tenemos en el pa\u00eds son con fondos de las AFP&#8221;. El senador Felipe Kast, de EVOPOLI \u2014te\u00f3ricamente, un partido de renovaci\u00f3n de la derecha chilena\u2014 acus\u00f3 a las redes sociales y critic\u00f3 la posibilidad de retirar el 10 por ciento: \u201c&#8221;Lo que m\u00e1s me preocupa de lo que ha ocurrido en este proyecto es la fragilidad, la simpleza y por qu\u00e9 no decirlo, la violencia del debate&#8221;.<\/p>\n<p>&nbsp;<\/p>\n<p><strong>\u201cEl resultado ya est\u00e1 escrito\u201d<\/strong><\/p>\n<p>El gobierno de Pi\u00f1era, ya asumiendo la derrota, dijo a trav\u00e9s del ministro secretario de la General de la Presidencia, Claudio Alvado, que \u201cel resultado de esta votaci\u00f3n ya est\u00e1 escrito\u201d, adem\u00e1s defendi\u00f3 predeciblemente las medidas de Pi\u00f1era \u2014bonos, reparto de cajas con comida, pr\u00e9stamos\u2014 aunque sin reconocer que la discusi\u00f3n era estructural: un cambio del modelo econ\u00f3mico heredado de la Dictadura. Y el Ministro de Hacienda, Hern\u00e1n Briones, igual de resignado advirti\u00f3 que el tema no es la AFP sino las pensiones, ya que se perder\u00edan 20 mil millones de d\u00f3lares, equivalente a 2 a\u00f1os enteros de cotizaciones.<\/p>\n<p>En la v\u00edspera del debate un helic\u00f3ptero circul\u00f3 por el centro de Santiago, como suele ser constumbre e incluso un manifestante fue detenido por carabineros por protestar contra Pi\u00f1era desde el balc\u00f3n de su casa, interrumpiendo una conferencia de prensa del alcalde de Santiago Felipe Alessandri y de Juan Sutil, presidente de la CPC (Confederaci\u00f3n de la Producci\u00f3n y del Comercio), poderoso empresario a quien en las redes sociales se llama, medio en broma, medio en serio, \u201cel aut\u00e9ntico presidente de Chile\u201d.<\/p>\n<p>Tras una demora, para decidir el qu\u00f3rum del proyecto (finalmente triunf\u00f3 la opci\u00f3n de 3\/5), el debate comenz\u00f3 alrededor de las 14:00 con exposiciones de m\u00e1ximo ocho minutos de cada uno de los senadores.<\/p>\n<p>Todo indica que hoy es m\u00e1s posible que nunca, el comienzo de la demolici\u00f3n de un sistema, promulgado por la Dictadura de Pinochet en noviembre de 1980 y que permiti\u00f3 la creaci\u00f3n de instituciones privadas que invirtieran en el extranjero el dinero para la jubilaci\u00f3n, depositado obligatoriamente por los trabajadores chilenos, sin hacerlos participar de estas ganancias, pero s\u00ed de las p\u00e9rdidas.<\/p>\n<p>Mientras a\u00fan se discut\u00edan algunas indicaciones al proyecto, en los edificios del centro de Santiago se escuchaban aplausos, gritos y hasta fuegos artificiales.<\/p>\n","protected":false},"excerpt":{"rendered":"<p>La aprobaci\u00f3n del proyecto de ley por ambas c\u00e1maras fue festejada por la oposici\u00f3n al gobierno de Pi\u00f1era, cuyo hermano fue el ide\u00f3logo del sistema privado durante la dictadura de Pinochet &nbsp; &nbsp; Juan Ignacio Latorre apenas pod\u00eda contener su alegr\u00eda. \u201c\u00a1Este es el fin de las AFP!\u201d, exclam\u00f3,\u00a0 antes de confirmar su voto a favor, el senador de RD (Revoluci\u00f3n Democr\u00e1tica), partido opositor al gobierno de Sebasti\u00e1n Pi\u00f1era. El mi\u00e9rcoles a la noche el senado chileno aprob\u00f3 un proyecto de ley que permite el retiro excepcional del 10 por&#8230;<\/p>\n","protected":false},"author":3,"featured_media":64604,"comment_status":"closed","ping_status":"closed","sticky":false,"template":"","format":"standard","meta":[],"categories":[4],"tags":[],"_links":{"self":[{"href":"https:\/\/www.actualidadadiario.com\/index.php\/wp-json\/wp\/v2\/posts\/64603"}],"collection":[{"href":"https:\/\/www.actualidadadiario.com\/index.php\/wp-json\/wp\/v2\/posts"}],"about":[{"href":"https:\/\/www.actualidadadiario.com\/index.php\/wp-json\/wp\/v2\/types\/post"}],"author":[{"embeddable":true,"href":"https:\/\/www.actualidadadiario.com\/index.php\/wp-json\/wp\/v2\/users\/3"}],"replies":[{"embeddable":true,"href":"https:\/\/www.actualidadadiario.com\/index.php\/wp-json\/wp\/v2\/comments?post=64603"}],"version-history":[{"count":1,"href":"https:\/\/www.actualidadadiario.com\/index.php\/wp-json\/wp\/v2\/posts\/64603\/revisions"}],"predecessor-version":[{"id":64605,"href":"https:\/\/www.actualidadadiario.com\/index.php\/wp-json\/wp\/v2\/posts\/64603\/revisions\/64605"}],"wp:featuredmedia":[{"embeddable":true,"href":"https:\/\/www.actualidadadiario.com\/index.php\/wp-json\/wp\/v2\/media\/64604"}],"wp:attachment":[{"href":"https:\/\/www.actualidadadiario.com\/index.php\/wp-json\/wp\/v2\/media?parent=64603"}],"wp:term":[{"taxonomy":"category","embeddable":true,"href":"https:\/\/www.actualidadadiario.com\/index.php\/wp-json\/wp\/v2\/categories?post=64603"},{"taxonomy":"post_tag","embeddable":true,"href":"https:\/\/www.actualidadadiario.com\/index.php\/wp-json\/wp\/v2\/tags?post=64603"}],"curies":[{"name":"wp","href":"https:\/\/api.w.org\/{rel}","templated":true}]}}