{"id":64598,"date":"2020-07-23T14:02:17","date_gmt":"2020-07-23T17:02:17","guid":{"rendered":"https:\/\/www.actualidadadiario.com\/?p=64598"},"modified":"2020-07-30T16:02:08","modified_gmt":"2020-07-30T19:02:08","slug":"el-senado-convertira-en-ley-los-proyectos-sobre-donacion-de-plasma-y-receta-digital","status":"publish","type":"post","link":"https:\/\/www.actualidadadiario.com\/index.php\/2020\/07\/23\/el-senado-convertira-en-ley-los-proyectos-sobre-donacion-de-plasma-y-receta-digital\/","title":{"rendered":"El Senado convertir\u00e1 en ley los proyectos sobre donaci\u00f3n de plasma y receta digital"},"content":{"rendered":"<p style=\"text-align: center;\"><em><strong>El Senado realizar\u00e1 hoy una nueva sesi\u00f3n especial con el fin tratar el proyecto para promover la donaci\u00f3n de plasma por parte de pacientes recuperados de coronavirus, que ser\u00eda convertido en ley, y un paquete de decretos del Poder Ejecutivo<\/strong><\/em><\/p>\n<p>&nbsp;<\/p>\n<p>La sesi\u00f3n fue convocada para las 15 por la presidenta de la C\u00e1mara alta, Cristina Fern\u00e1ndez de Kirchner, y la mayor\u00eda de los temas gozan, en principio, de consenso entre el Frente de Todos y Juntos por el Cambio, aunque se prev\u00e9 una discusi\u00f3n por la incorporaci\u00f3n de un decreto de la gesti\u00f3n de Mauricio Macri.<\/p>\n<p>El primer tema de la sesi\u00f3n ser\u00e1 la pr\u00f3rroga para ese protocolo que, en esta oportunidad, evit\u00f3 la restricci\u00f3n de temas relacionados con la pandemia y habilit\u00f3 el tratamiento de proyectos de toda naturaleza.<\/p>\n<p>Adem\u00e1s, los senadores aprobar\u00e1n la ley para promover la donaci\u00f3n voluntaria de plasma sangu\u00edneo de pacientes recuperados de Covid-19, una iniciativa impulsada por el jefe de la bancada oficialista de Diputados, M\u00e1ximo Kirchner, que cont\u00f3 con el acompa\u00f1amiento de todos los sectores.<\/p>\n<p>A la vez, se votar\u00e1 la iniciativa para incorporar al sistema de salud las recetas electr\u00f3nicas o digitales que tambi\u00e9n tiene aprobaci\u00f3n de la C\u00e1mara de Diputados y ser\u00e1 convertida en ley en caso de que la avale el Senado.<\/p>\n<p>El temario tambi\u00e9n incluye varios proyectos que ser\u00e1n girados a la C\u00e1mara baja en caso de ser aprobados, como la nueva demarcaci\u00f3n del l\u00edmite exterior de la plataforma continental de la Rep\u00fablica Argentina y la creaci\u00f3n del Consejo Nacional de Asuntos Relativos a las Islas Malvinas en el \u00e1mbito de la Presidencia.<\/p>\n<p>Tambi\u00e9n se someter\u00e1 a votaci\u00f3n un proyecto para penar la difusi\u00f3n no consentida de im\u00e1genes de contenidos de desnudez, sexual o er\u00f3tico de personas y una bater\u00eda de decretos de necesidad y urgencia (DNU) que esperan el aval del Congreso.<\/p>\n<p>En ese paquete, el oficialismo incorpor\u00f3 el DNU 1053 de 2018 por el cual la gesti\u00f3n de Macri modific\u00f3 el presupuesto de ese a\u00f1o, que carg\u00f3 sobre los usuarios la compensaci\u00f3n a las distribuidoras de gas por las diferencias en el tipo de cambio.<\/p>\n","protected":false},"excerpt":{"rendered":"<p>El Senado realizar\u00e1 hoy una nueva sesi\u00f3n especial con el fin tratar el proyecto para promover la donaci\u00f3n de plasma por parte de pacientes recuperados de coronavirus, que ser\u00eda convertido en ley, y un paquete de decretos del Poder Ejecutivo &nbsp; La sesi\u00f3n fue convocada para las 15 por la presidenta de la C\u00e1mara alta, Cristina Fern\u00e1ndez de Kirchner, y la mayor\u00eda de los temas gozan, en principio, de consenso entre el Frente de Todos y Juntos por el Cambio, aunque se prev\u00e9 una discusi\u00f3n por la incorporaci\u00f3n de un&#8230;<\/p>\n","protected":false},"author":3,"featured_media":61346,"comment_status":"closed","ping_status":"closed","sticky":false,"template":"","format":"standard","meta":[],"categories":[18],"tags":[],"_links":{"self":[{"href":"https:\/\/www.actualidadadiario.com\/index.php\/wp-json\/wp\/v2\/posts\/64598"}],"collection":[{"href":"https:\/\/www.actualidadadiario.com\/index.php\/wp-json\/wp\/v2\/posts"}],"about":[{"href":"https:\/\/www.actualidadadiario.com\/index.php\/wp-json\/wp\/v2\/types\/post"}],"author":[{"embeddable":true,"href":"https:\/\/www.actualidadadiario.com\/index.php\/wp-json\/wp\/v2\/users\/3"}],"replies":[{"embeddable":true,"href":"https:\/\/www.actualidadadiario.com\/index.php\/wp-json\/wp\/v2\/comments?post=64598"}],"version-history":[{"count":1,"href":"https:\/\/www.actualidadadiario.com\/index.php\/wp-json\/wp\/v2\/posts\/64598\/revisions"}],"predecessor-version":[{"id":64599,"href":"https:\/\/www.actualidadadiario.com\/index.php\/wp-json\/wp\/v2\/posts\/64598\/revisions\/64599"}],"wp:featuredmedia":[{"embeddable":true,"href":"https:\/\/www.actualidadadiario.com\/index.php\/wp-json\/wp\/v2\/media\/61346"}],"wp:attachment":[{"href":"https:\/\/www.actualidadadiario.com\/index.php\/wp-json\/wp\/v2\/media?parent=64598"}],"wp:term":[{"taxonomy":"category","embeddable":true,"href":"https:\/\/www.actualidadadiario.com\/index.php\/wp-json\/wp\/v2\/categories?post=64598"},{"taxonomy":"post_tag","embeddable":true,"href":"https:\/\/www.actualidadadiario.com\/index.php\/wp-json\/wp\/v2\/tags?post=64598"}],"curies":[{"name":"wp","href":"https:\/\/api.w.org\/{rel}","templated":true}]}}