{"id":64595,"date":"2020-07-23T14:01:16","date_gmt":"2020-07-23T17:01:16","guid":{"rendered":"https:\/\/www.actualidadadiario.com\/?p=64595"},"modified":"2020-07-30T16:02:08","modified_gmt":"2020-07-30T19:02:08","slug":"gines-los-brotes-que-vemos-son-por-alguna-indisciplina-social","status":"publish","type":"post","link":"https:\/\/www.actualidadadiario.com\/index.php\/2020\/07\/23\/gines-los-brotes-que-vemos-son-por-alguna-indisciplina-social\/","title":{"rendered":"Gin\u00e9s: \u201cLos brotes que vemos son por alguna indisciplina social&#8221;"},"content":{"rendered":"<p style=\"text-align: center;\"><em><strong>El titular de la cartera sanitaria dijo estar preocupado por el aumento de contagios de coronavirus y afirm\u00f3 que &#8220;mucho de lo que est\u00e1 pasando es por cosas clandestinas como reuniones, asados y mateadas\u201d. Tambi\u00e9n se\u00f1al\u00f3 que \u201cen la medida que la gente circula m\u00e1s, tenemos m\u00e1s casos&#8221;<\/strong><\/em><\/p>\n<p>&nbsp;<\/p>\n<p>&nbsp;<\/p>\n<p>El ministro de Salud, Gin\u00e9s Gonz\u00e1lez Garc\u00eda, admiti\u00f3 estar \u201cpreocupado\u201d por la escalada de contagios de coronavirus registrada en los \u00faltimos d\u00edas y consider\u00f3 que varios de los brotes, tanto en el \u00c1rea Metropolitana de Buenos Aires (AMBA) como en las dem\u00e1s provincias, se deben a acciones de \u201cindisciplina social\u201d que pidi\u00f3 evitar. \u201cLes ruego, por favor, cuid\u00e9monos\u201d, fue el mensaje que lanz\u00f3.<\/p>\n<p>\u201cSon momentos muy complicados\u201d, reconoci\u00f3 el titular de la cartera sanitaria luego de anunciar la apertura de nuevas camas para las Unidades de Terapia Intensiva (UTI) con que el gobierno nacional refuerza el sistema sanitario. En los \u00faltimos tres meses, inform\u00f3, se agregaron 3.503 camas con monitores y todo el equipamiento \u201cpara tratar correctamente a cada enfermo cada vez que lo necesita\u201d y que de ese modo \u201ctengamos menos consecuencias graves\u201d la pandemia.<\/p>\n<p>Luego se refiri\u00f3 a la escalada de contagios de los \u00faltimos d\u00edas que, seg\u00fan los reportes oficiales que emite la cartera que \u00e9l conduce, promedian los 4 mil casos diarios. \u201cMucho de lo que est\u00e1 pasando es por cosas clandestinas como reuniones, asados y mateadas\u201d que no respetan las medidas de distanciamiento social y dem\u00e1s resguardos sanitario para prevenir contagios, dijo.<\/p>\n<p>\u201cTodos los brotes que vemos ac\u00e1 o en el interior son por alguna indisciplina social. Entonces, reitero y recalco: por favor, que la gente tenga responsabilidad individual\u201d, puntualiz\u00f3 Gonz\u00e1lez Garc\u00eda durante una entrevista por La Patriada.<\/p>\n<p>Por otra parte, si bien se manifest\u00f3 \u201csorprendido\u201d por el incremento de casos, el ministro reconoci\u00f3 que en las \u00faltimas semanas \u201cven\u00eda viendo algunos s\u00edntomas que no me gustaban\u201d y que advert\u00edan sobre un aumento de contagios. \u201cCre\u00ed que iban a bajar como consecuencia de la cuarentena anterior\u201d, pero eso no fue lo que ocurri\u00f3.<\/p>\n<p>Evidentemente, analiz\u00f3, la \u00faltima cuarentena \u201cno tuvo los efectos de las anteriores y no fue hecha de la manera correcta\u201d. Aunque \u201cla mayor\u00eda de la poblaci\u00f3n la hizo bien\u201d, hubo quienes no. Y \u201clos que no la hicieron bien, pagan un precio\u201d, evalu\u00f3.<\/p>\n<p>Adem\u00e1s, el funcionario diferenci\u00f3 las actividades de aglomeraci\u00f3n social con las que se permitieron durante la apertura por etapas anunciada la semana pasada. \u201cLa apertura de comercios, por ejemplo, son muy poco contaminantes\u201d, compar\u00f3.<\/p>\n<p>El ministro dijo comprender que \u201cevidentemente la gente est\u00e1 cansada\u201d de la cuarentena, pero sostuvo que no hay que olvidar que \u201cen la medida que la gente circula m\u00e1s, tenemos m\u00e1s casos; que es un poco lo que est\u00e1 pasando\u201d. Por eso, recalc\u00f3 su mensaje a la sociedad: \u201cLes ruego, por favor, cuid\u00e9monos, que significa cuidarnos a nosotros y a los que nos rodean\u201d.<\/p>\n","protected":false},"excerpt":{"rendered":"<p>El titular de la cartera sanitaria dijo estar preocupado por el aumento de contagios de coronavirus y afirm\u00f3 que &#8220;mucho de lo que est\u00e1 pasando es por cosas clandestinas como reuniones, asados y mateadas\u201d. Tambi\u00e9n se\u00f1al\u00f3 que \u201cen la medida que la gente circula m\u00e1s, tenemos m\u00e1s casos&#8221; &nbsp; &nbsp; El ministro de Salud, Gin\u00e9s Gonz\u00e1lez Garc\u00eda, admiti\u00f3 estar \u201cpreocupado\u201d por la escalada de contagios de coronavirus registrada en los \u00faltimos d\u00edas y consider\u00f3 que varios de los brotes, tanto en el \u00c1rea Metropolitana de Buenos Aires (AMBA) como en&#8230;<\/p>\n","protected":false},"author":3,"featured_media":64596,"comment_status":"closed","ping_status":"closed","sticky":false,"template":"","format":"standard","meta":[],"categories":[18],"tags":[],"_links":{"self":[{"href":"https:\/\/www.actualidadadiario.com\/index.php\/wp-json\/wp\/v2\/posts\/64595"}],"collection":[{"href":"https:\/\/www.actualidadadiario.com\/index.php\/wp-json\/wp\/v2\/posts"}],"about":[{"href":"https:\/\/www.actualidadadiario.com\/index.php\/wp-json\/wp\/v2\/types\/post"}],"author":[{"embeddable":true,"href":"https:\/\/www.actualidadadiario.com\/index.php\/wp-json\/wp\/v2\/users\/3"}],"replies":[{"embeddable":true,"href":"https:\/\/www.actualidadadiario.com\/index.php\/wp-json\/wp\/v2\/comments?post=64595"}],"version-history":[{"count":1,"href":"https:\/\/www.actualidadadiario.com\/index.php\/wp-json\/wp\/v2\/posts\/64595\/revisions"}],"predecessor-version":[{"id":64597,"href":"https:\/\/www.actualidadadiario.com\/index.php\/wp-json\/wp\/v2\/posts\/64595\/revisions\/64597"}],"wp:featuredmedia":[{"embeddable":true,"href":"https:\/\/www.actualidadadiario.com\/index.php\/wp-json\/wp\/v2\/media\/64596"}],"wp:attachment":[{"href":"https:\/\/www.actualidadadiario.com\/index.php\/wp-json\/wp\/v2\/media?parent=64595"}],"wp:term":[{"taxonomy":"category","embeddable":true,"href":"https:\/\/www.actualidadadiario.com\/index.php\/wp-json\/wp\/v2\/categories?post=64595"},{"taxonomy":"post_tag","embeddable":true,"href":"https:\/\/www.actualidadadiario.com\/index.php\/wp-json\/wp\/v2\/tags?post=64595"}],"curies":[{"name":"wp","href":"https:\/\/api.w.org\/{rel}","templated":true}]}}