{"id":64593,"date":"2020-07-23T14:00:24","date_gmt":"2020-07-23T17:00:24","guid":{"rendered":"https:\/\/www.actualidadadiario.com\/?p=64593"},"modified":"2020-07-30T16:02:08","modified_gmt":"2020-07-30T19:02:08","slug":"exdirector-de-contrainteligencia-de-la-afi-involucro-a-macri-en-el-espionaje-ilegal","status":"publish","type":"post","link":"https:\/\/www.actualidadadiario.com\/index.php\/2020\/07\/23\/exdirector-de-contrainteligencia-de-la-afi-involucro-a-macri-en-el-espionaje-ilegal\/","title":{"rendered":"Exdirector de Contrainteligencia de la AFI involucr\u00f3 a Macri en el espionaje ilegal"},"content":{"rendered":"<p style=\"text-align: center;\"><em><strong>El esp\u00eda, quien todav\u00eda reviste en la AFI, dijo que las \u00f3rdenes de espiar sal\u00edan de las autoridades m\u00e1ximas de la central de esp\u00edas &#8220;o directamente del expresidente&#8221;<\/strong><\/em><\/p>\n<p>&nbsp;<\/p>\n<p>&nbsp;<\/p>\n<p>El exdirector de Contrainteligencia de la Agencia Federal de Inteligencia (AFI), Mart\u00edn Coste, involucr\u00f3 a Mauricio Macri con las maniobras de supuesto espionaje ilegal sobre el Instituto Patria, al se\u00f1alar que las \u00f3rdenes sal\u00edan de las autoridades m\u00e1ximas de la central de esp\u00edas &#8220;o directamente del expresidente&#8221;.<\/p>\n<p>&#8220;Las tareas en el Instituto Patria proven\u00edan por orden ya sea de Gustavo Arribas, Silvia Majdalani o directamente del expresidente de la Naci\u00f3n, ya que es inaudito que un agente de operaciones realice una tarea semejante por s\u00ed solo, sin conocimiento de las m\u00e1ximas autoridades de la instituci\u00f3n&#8221;, sostuvo Coste, quien todav\u00eda reviste en la AFI, en la declaraci\u00f3n indagatoria que brind\u00f3 ante la Justicia Federal de Lomas de Zamora.<\/p>\n<p>En calidad de imputado, el exjefe de Contrainteligencia remarc\u00f3 adem\u00e1s que &#8220;los lineamientos generales que debe cumplir la agencia proven\u00edan de la Presidencia de la Naci\u00f3n&#8221;.<\/p>\n<p>A su vez, enfatiz\u00f3 en el hecho de que, una vez que trascendi\u00f3 en agosto de 2018 que la AFI hab\u00eda colocado un auto en la puerta del Instituto Patria, desde la central de esp\u00edas se arm\u00f3 una ingenier\u00eda documental falsa para intentar dar apariencia de legalidad a las maniobras.<\/p>\n<p>La declaraci\u00f3n de Coste, a cuyos detalles T\u00e9lam accedi\u00f3 anoche, se produjo el \u00faltimo viernes en la causa que tiene como juez a Juan Pablo Auge, y como fiscales a Cecilia Incardona y Santiago Eyherabide, tal como se inform\u00f3 oportunamente.<\/p>\n<p>El esp\u00eda remarc\u00f3 que no ten\u00eda margen para denunciar la maniobra porque entend\u00eda que Arribas estaba al tanto de las maniobras y no le iba a levantar el secreto profesional para que pudiera radicar la presentaci\u00f3n judicial y que, cuando amenaz\u00f3 con renunciar, Majdalani le dijo &#8220;que no pod\u00eda ser tan cag\u00f3n&#8221; y que, si se iba, lo responsabilizar\u00edan por los hechos.<\/p>\n<p>Sobre la ascendencia de Macri sobre la AFI, Coste sostuvo que, en los \u00faltimos meses del Gobierno de Cambiemos, cuando pasaba por la Central para ir a la oficina de Majdalani, &#8220;la misma refer\u00eda que Gustavo (Arribas) estaba yendo a ver al Presidente (por aquel entonces)&#8221;, y que el entonces Se\u00f1or 5 y el exmandatario &#8220;pose\u00edan un tel\u00e9fono encriptado, especialmente dise\u00f1ado para ellos dos, realizado por el \u00e1rea de ciberinteligencia&#8221;.<\/p>\n<p>Coste relat\u00f3 que su \u00e1rea fue la encargada, por orden de Majdalani, de confeccionar los documentos que se entregaron a la Justicia para intentar justificar las tareas de inteligencia sobre el Instituto Patria y el domicilio de la expresidenta Cristina Fern\u00e1ndez de Kirchner y que le constaba que eran falsos y solo destinados a encubrir maniobras ilegales.<\/p>\n<p>&#8220;La falsedad de todos estos informes se observa claramente al no tener firma de qui\u00e9n lo recibe, ni datos de qui\u00e9n lo recibe, ni firma de qui\u00e9n lo env\u00eda, ni datos personales de la oficina a que se remite, con el fin \u00faltimo, de ser elevado al juzgado&#8221; del juez federal de Lomas de Zamora Federico Villena, indic\u00f3.<\/p>\n<p>En ese sentido, dijo que, &#8220;por las amenazas contra las personas que all\u00ed se mencionan, dicho informe deber\u00eda tener un soporte a la informaci\u00f3n analizada de la direcci\u00f3n a cargo de elaborar del informe o de otras direcciones operacionales&#8221;.<\/p>\n<p>Adem\u00e1s, se\u00f1al\u00f3 que &#8220;esa informaci\u00f3n no est\u00e1 volcada en este informe, ni en las constancias previas&#8221;, y sostuvo que, &#8220;por lo tanto, lo que se desconoce es cu\u00e1l fue la informaci\u00f3n y qui\u00e9n la obtuvo, es decir, qu\u00e9 fundament\u00f3 el informe&#8221;.<\/p>\n<p>Adem\u00e1s, sostuvo que, si bien los informes hablaban de supuestas tarea de &#8220;investigaci\u00f3n criminal&#8221;, estas &#8220;no condicen que lo que estaban haciendo&#8221; tuviera ese origen &#8220;porque no hab\u00eda sucedido un hecho a investigar&#8221;.<\/p>\n<p>&#8220;No hab\u00eda acaecido un hecho que ameritara una investigaci\u00f3n, debido a que, como las describen, ser\u00edan tareas de seguridad&#8221;, afirm\u00f3 en su declaraci\u00f3n ante la Justicia.<\/p>\n<p>&#8220;En caso de que lo que all\u00ed se dice fuera cierto, de tener un dato espec\u00edfico de una amenaza contra una expresidenta de la Naci\u00f3n, se deber\u00eda haber dado inmediata intervenci\u00f3n al Ministerio de Seguridad de la Naci\u00f3n, a efectos de tomar las medidas espec\u00edficas, ya que no podr\u00edan haber tomado medidas de seguridad, puesto que no es una tarea propia del organismo&#8221;, remarc\u00f3.<\/p>\n<p>Sobre el ex jefe de Operaciones Especiales, Alan Ruiz, identificado por la fiscal\u00eda como quien coordin\u00f3 los operativos de espionaje ilegal contra la expresidenta, Coste dijo que ten\u00eda &#8220;una estructura operativa a su cargo&#8221;.<\/p>\n<p>Al mismo tiempo, consign\u00f3 que, durante la gesti\u00f3n de Arribas y Majdalani, &#8220;no era anormal tener personal que no respetaba de ninguna manera la cadena de mando&#8221;, y se\u00f1al\u00f3 que, de hecho, se pod\u00eda encontrar a &#8220;un agente como Alan Ruiz, que hablaba directamente con la subdirectora, que era mi superior directo&#8221;.<\/p>\n","protected":false},"excerpt":{"rendered":"<p>El esp\u00eda, quien todav\u00eda reviste en la AFI, dijo que las \u00f3rdenes de espiar sal\u00edan de las autoridades m\u00e1ximas de la central de esp\u00edas &#8220;o directamente del expresidente&#8221; &nbsp; &nbsp; El exdirector de Contrainteligencia de la Agencia Federal de Inteligencia (AFI), Mart\u00edn Coste, involucr\u00f3 a Mauricio Macri con las maniobras de supuesto espionaje ilegal sobre el Instituto Patria, al se\u00f1alar que las \u00f3rdenes sal\u00edan de las autoridades m\u00e1ximas de la central de esp\u00edas &#8220;o directamente del expresidente&#8221;. &#8220;Las tareas en el Instituto Patria proven\u00edan por orden ya sea de Gustavo&#8230;<\/p>\n","protected":false},"author":3,"featured_media":54363,"comment_status":"closed","ping_status":"closed","sticky":false,"template":"","format":"standard","meta":[],"categories":[18],"tags":[],"_links":{"self":[{"href":"https:\/\/www.actualidadadiario.com\/index.php\/wp-json\/wp\/v2\/posts\/64593"}],"collection":[{"href":"https:\/\/www.actualidadadiario.com\/index.php\/wp-json\/wp\/v2\/posts"}],"about":[{"href":"https:\/\/www.actualidadadiario.com\/index.php\/wp-json\/wp\/v2\/types\/post"}],"author":[{"embeddable":true,"href":"https:\/\/www.actualidadadiario.com\/index.php\/wp-json\/wp\/v2\/users\/3"}],"replies":[{"embeddable":true,"href":"https:\/\/www.actualidadadiario.com\/index.php\/wp-json\/wp\/v2\/comments?post=64593"}],"version-history":[{"count":1,"href":"https:\/\/www.actualidadadiario.com\/index.php\/wp-json\/wp\/v2\/posts\/64593\/revisions"}],"predecessor-version":[{"id":64594,"href":"https:\/\/www.actualidadadiario.com\/index.php\/wp-json\/wp\/v2\/posts\/64593\/revisions\/64594"}],"wp:featuredmedia":[{"embeddable":true,"href":"https:\/\/www.actualidadadiario.com\/index.php\/wp-json\/wp\/v2\/media\/54363"}],"wp:attachment":[{"href":"https:\/\/www.actualidadadiario.com\/index.php\/wp-json\/wp\/v2\/media?parent=64593"}],"wp:term":[{"taxonomy":"category","embeddable":true,"href":"https:\/\/www.actualidadadiario.com\/index.php\/wp-json\/wp\/v2\/categories?post=64593"},{"taxonomy":"post_tag","embeddable":true,"href":"https:\/\/www.actualidadadiario.com\/index.php\/wp-json\/wp\/v2\/tags?post=64593"}],"curies":[{"name":"wp","href":"https:\/\/api.w.org\/{rel}","templated":true}]}}