{"id":64588,"date":"2020-07-23T13:58:17","date_gmt":"2020-07-23T16:58:17","guid":{"rendered":"https:\/\/www.actualidadadiario.com\/?p=64588"},"modified":"2020-07-30T16:02:08","modified_gmt":"2020-07-30T19:02:08","slug":"el-gobierno-puso-en-marcha-el-gabinete-de-tierras-que-buscara-darle-impulso-al-plan-procrear","status":"publish","type":"post","link":"https:\/\/www.actualidadadiario.com\/index.php\/2020\/07\/23\/el-gobierno-puso-en-marcha-el-gabinete-de-tierras-que-buscara-darle-impulso-al-plan-procrear\/","title":{"rendered":"El Gobierno puso en marcha el Gabinete de Tierras que buscar\u00e1 darle impulso al Plan Procrear"},"content":{"rendered":"<p style=\"text-align: center;\"><em><strong>Tendr\u00e1 como objetivo prioritario destinar bienes en poder del Estado para destinarlos a la construcci\u00f3n de viviendas en el marco del renovado Plan. Intentar\u00e1 impulsar el desarrollo agropecuario y promover nuevos parques industriales<\/strong><\/em><\/p>\n<p>&nbsp;<\/p>\n<p>&nbsp;<\/p>\n<p>&nbsp;<\/p>\n<p>Con la intenci\u00f3n de darle un nuevo impulso a la construcci\u00f3n de viviendas dentro del Plan Procrear, fomentar el desarrollo agropecuario y promover la creaci\u00f3n de nuevos parques industriales, en el marco de la reactivaci\u00f3n pospandemia, el Jefe de Gabinete, Santiago Cafiero, encabez\u00f3 hoy una reuni\u00f3n en Casa Rosada, ocasi\u00f3n en la que puso en marcha el Gabinete de Tierras.<\/p>\n<p>Del encuentro, participaron los ministros Mar\u00eda Eugenia Bielsa (Desarrollo Territorial y H\u00e1bitat), Luis Basterra (Agricultura, Ganader\u00eda y Pesca), Daniel Arroyo (Desarrollo Social), con quienes Cafiero analiz\u00f3 la forma en que se instrumentar\u00e1n los bienes del Estado para destinarlos a pol\u00edticas p\u00fablicas de producci\u00f3n y empleo, en el marco del plan de reactivaci\u00f3n que lleva adelante el gobierno nacional.<\/p>\n<p>En ese contexto, se decidi\u00f3 que los bienes que se encuentran en la \u00f3rbita de la Agencia de Administraci\u00f3n de Bienes del Estado (AABE), sean destinados a los ministerios involucrados, para que estos cumplan con el objetivo de mantener las propiedades del Estado con una finalidad de desarrollo social y establecido en las necesidades espec\u00edficas de cada una de esas carteras.<\/p>\n<p>En esta l\u00ednea, se consider\u00f3 como prioritario el desarrollo agropecuario de las tierras, como as\u00ed tambi\u00e9n el emplazamiento de parques industriales y la construcci\u00f3n de viviendas a trav\u00e9s del plan Procrear, con el eje en que lo p\u00fablico se utilice para el beneficio de todos los argentinos.<\/p>\n<p>Tambi\u00e9n estuvieron presentes, la titular de ANSES, Fernanda Raverta, y sus pares de la Agencia de Administraci\u00f3n de Bienes del Estado, Mart\u00edn Cosentino y de la Unidad de gabinete de Asesores del Ministerio de Desarrollo Productivo, Alejandro Sehtman y Cavo.<\/p>\n","protected":false},"excerpt":{"rendered":"<p>Tendr\u00e1 como objetivo prioritario destinar bienes en poder del Estado para destinarlos a la construcci\u00f3n de viviendas en el marco del renovado Plan. Intentar\u00e1 impulsar el desarrollo agropecuario y promover nuevos parques industriales &nbsp; &nbsp; &nbsp; Con la intenci\u00f3n de darle un nuevo impulso a la construcci\u00f3n de viviendas dentro del Plan Procrear, fomentar el desarrollo agropecuario y promover la creaci\u00f3n de nuevos parques industriales, en el marco de la reactivaci\u00f3n pospandemia, el Jefe de Gabinete, Santiago Cafiero, encabez\u00f3 hoy una reuni\u00f3n en Casa Rosada, ocasi\u00f3n en la que puso&#8230;<\/p>\n","protected":false},"author":3,"featured_media":64589,"comment_status":"closed","ping_status":"closed","sticky":false,"template":"","format":"standard","meta":[],"categories":[18],"tags":[],"_links":{"self":[{"href":"https:\/\/www.actualidadadiario.com\/index.php\/wp-json\/wp\/v2\/posts\/64588"}],"collection":[{"href":"https:\/\/www.actualidadadiario.com\/index.php\/wp-json\/wp\/v2\/posts"}],"about":[{"href":"https:\/\/www.actualidadadiario.com\/index.php\/wp-json\/wp\/v2\/types\/post"}],"author":[{"embeddable":true,"href":"https:\/\/www.actualidadadiario.com\/index.php\/wp-json\/wp\/v2\/users\/3"}],"replies":[{"embeddable":true,"href":"https:\/\/www.actualidadadiario.com\/index.php\/wp-json\/wp\/v2\/comments?post=64588"}],"version-history":[{"count":1,"href":"https:\/\/www.actualidadadiario.com\/index.php\/wp-json\/wp\/v2\/posts\/64588\/revisions"}],"predecessor-version":[{"id":64590,"href":"https:\/\/www.actualidadadiario.com\/index.php\/wp-json\/wp\/v2\/posts\/64588\/revisions\/64590"}],"wp:featuredmedia":[{"embeddable":true,"href":"https:\/\/www.actualidadadiario.com\/index.php\/wp-json\/wp\/v2\/media\/64589"}],"wp:attachment":[{"href":"https:\/\/www.actualidadadiario.com\/index.php\/wp-json\/wp\/v2\/media?parent=64588"}],"wp:term":[{"taxonomy":"category","embeddable":true,"href":"https:\/\/www.actualidadadiario.com\/index.php\/wp-json\/wp\/v2\/categories?post=64588"},{"taxonomy":"post_tag","embeddable":true,"href":"https:\/\/www.actualidadadiario.com\/index.php\/wp-json\/wp\/v2\/tags?post=64588"}],"curies":[{"name":"wp","href":"https:\/\/api.w.org\/{rel}","templated":true}]}}