{"id":64585,"date":"2020-07-23T13:57:30","date_gmt":"2020-07-23T16:57:30","guid":{"rendered":"https:\/\/www.actualidadadiario.com\/?p=64585"},"modified":"2020-07-30T16:02:09","modified_gmt":"2020-07-30T19:02:09","slug":"massa-tomo-juramento-a-pichetto-para-la-auditoria-general-de-la-nacion","status":"publish","type":"post","link":"https:\/\/www.actualidadadiario.com\/index.php\/2020\/07\/23\/massa-tomo-juramento-a-pichetto-para-la-auditoria-general-de-la-nacion\/","title":{"rendered":"Massa tom\u00f3 juramento a Pichetto para la Auditor\u00eda General de la Naci\u00f3n"},"content":{"rendered":"<p style=\"text-align: center;\"><em><strong>El presidente de la C\u00e1mara de Diputados, Sergio Massa, tom\u00f3 juramento a Miguel \u00c1ngel Pichetto para la Auditor\u00eda General de la Naci\u00f3n (AGN) en representaci\u00f3n de la oposici\u00f3n<\/strong><\/em><\/p>\n<p>&nbsp;<\/p>\n<p>Su designaci\u00f3n hab\u00eda sido aprobada en la \u00faltima sesi\u00f3n.<\/p>\n<p>Pichetto asume como auditor general de la oposici\u00f3n en representaci\u00f3n de Juntos por el Cambio.<\/p>\n<p>La jura ocurri\u00f3 en el Sal\u00f3n de Honor de la C\u00e1mara de Diputados y estuvieron presentes, adem\u00e1s del titular de la C\u00e1mara Baja, el secretario Parlamentario, Eduardo Cergnul; el secretario General de la HCDN, Juan Manuel Cheppi; el jefe de bloque PRO, Cristi\u00e1n Ritondo; los diputados \u00c1lvaro Gonz\u00e1lez; Alberto Asseff; y Miguel Gim\u00e9nez, secretario Gremial de la Asociaci\u00f3n del Personal de los Organismos del Control (APOC).<\/p>\n<p>La AGN, actualmente presidida por Jes\u00fas Rodr\u00edguez, est\u00e1 conformada por siete miembros, los auditores generales por el oficialismo Mar\u00eda Graciela de la Rosa, Francisco Javier Fern\u00e1ndez, Juan Ignacio Forl\u00f3n, Gabriel Mihura Estrada; y por la oposici\u00f3n Rodr\u00edguez, Pichetto y Alejandro Nieva.<\/p>\n","protected":false},"excerpt":{"rendered":"<p>El presidente de la C\u00e1mara de Diputados, Sergio Massa, tom\u00f3 juramento a Miguel \u00c1ngel Pichetto para la Auditor\u00eda General de la Naci\u00f3n (AGN) en representaci\u00f3n de la oposici\u00f3n &nbsp; Su designaci\u00f3n hab\u00eda sido aprobada en la \u00faltima sesi\u00f3n. Pichetto asume como auditor general de la oposici\u00f3n en representaci\u00f3n de Juntos por el Cambio. La jura ocurri\u00f3 en el Sal\u00f3n de Honor de la C\u00e1mara de Diputados y estuvieron presentes, adem\u00e1s del titular de la C\u00e1mara Baja, el secretario Parlamentario, Eduardo Cergnul; el secretario General de la HCDN, Juan Manuel Cheppi;&#8230;<\/p>\n","protected":false},"author":3,"featured_media":64586,"comment_status":"closed","ping_status":"closed","sticky":false,"template":"","format":"standard","meta":[],"categories":[18],"tags":[],"_links":{"self":[{"href":"https:\/\/www.actualidadadiario.com\/index.php\/wp-json\/wp\/v2\/posts\/64585"}],"collection":[{"href":"https:\/\/www.actualidadadiario.com\/index.php\/wp-json\/wp\/v2\/posts"}],"about":[{"href":"https:\/\/www.actualidadadiario.com\/index.php\/wp-json\/wp\/v2\/types\/post"}],"author":[{"embeddable":true,"href":"https:\/\/www.actualidadadiario.com\/index.php\/wp-json\/wp\/v2\/users\/3"}],"replies":[{"embeddable":true,"href":"https:\/\/www.actualidadadiario.com\/index.php\/wp-json\/wp\/v2\/comments?post=64585"}],"version-history":[{"count":1,"href":"https:\/\/www.actualidadadiario.com\/index.php\/wp-json\/wp\/v2\/posts\/64585\/revisions"}],"predecessor-version":[{"id":64587,"href":"https:\/\/www.actualidadadiario.com\/index.php\/wp-json\/wp\/v2\/posts\/64585\/revisions\/64587"}],"wp:featuredmedia":[{"embeddable":true,"href":"https:\/\/www.actualidadadiario.com\/index.php\/wp-json\/wp\/v2\/media\/64586"}],"wp:attachment":[{"href":"https:\/\/www.actualidadadiario.com\/index.php\/wp-json\/wp\/v2\/media?parent=64585"}],"wp:term":[{"taxonomy":"category","embeddable":true,"href":"https:\/\/www.actualidadadiario.com\/index.php\/wp-json\/wp\/v2\/categories?post=64585"},{"taxonomy":"post_tag","embeddable":true,"href":"https:\/\/www.actualidadadiario.com\/index.php\/wp-json\/wp\/v2\/tags?post=64585"}],"curies":[{"name":"wp","href":"https:\/\/api.w.org\/{rel}","templated":true}]}}