{"id":64576,"date":"2020-07-23T13:55:01","date_gmt":"2020-07-23T16:55:01","guid":{"rendered":"https:\/\/www.actualidadadiario.com\/?p=64576"},"modified":"2020-07-30T16:02:09","modified_gmt":"2020-07-30T19:02:09","slug":"crean-programa-de-asistencia-para-productores-de-peras-y-manzanas","status":"publish","type":"post","link":"https:\/\/www.actualidadadiario.com\/index.php\/2020\/07\/23\/crean-programa-de-asistencia-para-productores-de-peras-y-manzanas\/","title":{"rendered":"Crean programa de asistencia para productores de peras y manzanas"},"content":{"rendered":"<p style=\"text-align: center;\"><em><strong>Los beneficiarios podr\u00e1n acceder a facilidades de pagos fiscales, e impactar\u00e1 en cinco provincias<\/strong><\/em><\/p>\n<p>&nbsp;<\/p>\n<p>A trav\u00e9s del decreto 615 publicado en el Bolet\u00edn Oficial, la nueva herramienta alcanzar\u00e1 a los productores de las provincias de Neuqu\u00e9n, R\u00edo Negro, Mendoza, San Juan y La Pampa, con especial \u00e9nfasis en microempresas.<\/p>\n<p>&#8220;A ra\u00edz de esa situaci\u00f3n, no solo se debe procurar la adopci\u00f3n de medidas tendientes a la protecci\u00f3n de la salud p\u00fablica, sino tambi\u00e9n a coordinar esfuerzos para morigerar el impacto de las medidas sanitarias sobre los procesos productivos y el empleo. En tal sentido, la merma de la actividad productiva afecta de manera inmediata y aguda a las empresas, particularmente a las microempresas&#8221;, advierte el texto oficial.<\/p>\n<p>Entre las medidas que se pone en marcha con este nuevo programa, se destaca la postergaci\u00f3n de los vencimientos generales para el pago de obligaciones de la seguridad social que operen desde el 1\u00b0 de junio de 2020 hasta el 31 de diciembre de 2020, ambas fechas inclusive.<\/p>\n<p>Adem\u00e1s, se suspende la iniciaci\u00f3n de juicios de ejecuci\u00f3n fiscal en los t\u00e9rminos de la Resoluci\u00f3n General de la Administraci\u00f3n Federal de Ingresos P\u00fablicos (Afip) N\u00b0 4730 de fecha 3 de junio de 2020 y su modificatoria.<\/p>\n<p>En la misma l\u00ednea, ser\u00e1 el ente recaudador el encargado de establecer la nueva fecha de vencimiento para el pago de las obligaciones prorrogadas, como as\u00ed tambi\u00e9n a instrumentar reg\u00edmenes de facilidades de pago para la oportuna cancelaci\u00f3n de las obligaciones postergadas. La citada fecha de vencimiento operar\u00e1 con posterioridad al 1\u00b0 de enero de 2021.<\/p>\n<p>&nbsp;<\/p>\n<p><strong>Qui\u00e9nes podr\u00e1n acceder al nuevo programa de Programa de Asistencia<\/strong><\/p>\n<p>El decreto 615 especifica que se la vigencia del nuevo instrumento se extender\u00e1 a los productores y las productoras, empacadores y empacadoras, frigor\u00edficos, comercializadores y comercializadoras e industrializadores e industrializadoras, de conformidad con las actividades del \u201cClasificador de Actividades Econ\u00f3micas (CLAE)\u201d.<\/p>\n<p>&nbsp;<\/p>\n<p><strong>En tanto, los requisitos son: <\/strong><\/p>\n<ul>\n<li>Que la actividad constituya la funci\u00f3n principal, entendi\u00e9ndose por tal, aquella que haya generado m\u00e1s del CINCUENTA POR CIENTO (50%) de los ingresos brutos totales en el a\u00f1o fiscal 2016, seg\u00fan corresponda; o bien, aquella en la que se haya empleado m\u00e1s del CINCUENTA POR CIENTO (50%) de la n\u00f3mina salarial de la empresa, excluidos y excluidas los empleados y las empleadas temporarios y temporarias, debi\u00e9ndose considerar el promedio anual correspondiente al a\u00f1o fiscal mencionado. En el caso de haber iniciado actividades en ese a\u00f1o fiscal, cuando el per\u00edodo a considerar fuera inferior a DOCE (12) meses, se anualizar\u00e1n los ingresos obtenidos desde la fecha de inicio de dichas actividades.<\/li>\n<\/ul>\n<p>El cumplimiento de dicho requisito se acreditar\u00e1 mediante un certificado expedido por la autoridad provincial competente.<\/p>\n<p>&nbsp;<\/p>\n<ul>\n<li>Los ingresos brutos totales en el a\u00f1o calendario 2016 o ejercicio econ\u00f3mico cerrado en el 2016, seg\u00fan corresponda, no hayan superado la suma de PESOS SIETE MILLONES ($ 7.000.000).<\/li>\n<\/ul>\n","protected":false},"excerpt":{"rendered":"<p>Los beneficiarios podr\u00e1n acceder a facilidades de pagos fiscales, e impactar\u00e1 en cinco provincias &nbsp; A trav\u00e9s del decreto 615 publicado en el Bolet\u00edn Oficial, la nueva herramienta alcanzar\u00e1 a los productores de las provincias de Neuqu\u00e9n, R\u00edo Negro, Mendoza, San Juan y La Pampa, con especial \u00e9nfasis en microempresas. &#8220;A ra\u00edz de esa situaci\u00f3n, no solo se debe procurar la adopci\u00f3n de medidas tendientes a la protecci\u00f3n de la salud p\u00fablica, sino tambi\u00e9n a coordinar esfuerzos para morigerar el impacto de las medidas sanitarias sobre los procesos productivos y&#8230;<\/p>\n","protected":false},"author":3,"featured_media":64577,"comment_status":"closed","ping_status":"closed","sticky":false,"template":"","format":"standard","meta":[],"categories":[2],"tags":[],"_links":{"self":[{"href":"https:\/\/www.actualidadadiario.com\/index.php\/wp-json\/wp\/v2\/posts\/64576"}],"collection":[{"href":"https:\/\/www.actualidadadiario.com\/index.php\/wp-json\/wp\/v2\/posts"}],"about":[{"href":"https:\/\/www.actualidadadiario.com\/index.php\/wp-json\/wp\/v2\/types\/post"}],"author":[{"embeddable":true,"href":"https:\/\/www.actualidadadiario.com\/index.php\/wp-json\/wp\/v2\/users\/3"}],"replies":[{"embeddable":true,"href":"https:\/\/www.actualidadadiario.com\/index.php\/wp-json\/wp\/v2\/comments?post=64576"}],"version-history":[{"count":1,"href":"https:\/\/www.actualidadadiario.com\/index.php\/wp-json\/wp\/v2\/posts\/64576\/revisions"}],"predecessor-version":[{"id":64578,"href":"https:\/\/www.actualidadadiario.com\/index.php\/wp-json\/wp\/v2\/posts\/64576\/revisions\/64578"}],"wp:featuredmedia":[{"embeddable":true,"href":"https:\/\/www.actualidadadiario.com\/index.php\/wp-json\/wp\/v2\/media\/64577"}],"wp:attachment":[{"href":"https:\/\/www.actualidadadiario.com\/index.php\/wp-json\/wp\/v2\/media?parent=64576"}],"wp:term":[{"taxonomy":"category","embeddable":true,"href":"https:\/\/www.actualidadadiario.com\/index.php\/wp-json\/wp\/v2\/categories?post=64576"},{"taxonomy":"post_tag","embeddable":true,"href":"https:\/\/www.actualidadadiario.com\/index.php\/wp-json\/wp\/v2\/tags?post=64576"}],"curies":[{"name":"wp","href":"https:\/\/api.w.org\/{rel}","templated":true}]}}