{"id":64573,"date":"2020-07-23T13:54:17","date_gmt":"2020-07-23T16:54:17","guid":{"rendered":"https:\/\/www.actualidadadiario.com\/?p=64573"},"modified":"2020-07-30T16:02:09","modified_gmt":"2020-07-30T19:02:09","slug":"renta-basica-universal-cuando-y-quienes-podran-acceder-a-la-asistencia-en-reemplazo-del-tercer-ife","status":"publish","type":"post","link":"https:\/\/www.actualidadadiario.com\/index.php\/2020\/07\/23\/renta-basica-universal-cuando-y-quienes-podran-acceder-a-la-asistencia-en-reemplazo-del-tercer-ife\/","title":{"rendered":"Renta B\u00e1sica Universal: cu\u00e1ndo y qui\u00e9nes podr\u00e1n acceder a la asistencia en reemplazo del tercer IFE"},"content":{"rendered":"<p style=\"text-align: center;\"><em><strong>El Gobierno pone en marcha su agenda pospandemia y la recuperaci\u00f3n de los sectores econ\u00f3micos golpeados por el coronavirus se traduce en nuevas herramientas de ayuda estatal<\/strong><\/em><\/p>\n<p>&nbsp;<\/p>\n<p>Despu\u00e9s de la confirmaci\u00f3n del tercer bono de $10000 del Ingreso Familiar de Emergencia (IFE) para todo el pa\u00eds durante agosto, y una posible continuidad en una cuarta asistencia, el Gobierno eval\u00faa nuevas herramientas para hacer frente a la ca\u00edda de la actividad y poder acompa\u00f1ar en el proceso de recuperaci\u00f3n.<\/p>\n<p>El ministro de Desarrollo Social, Daniel Arroyo, adelant\u00f3 durante la entrevista que mantuvo con Cr\u00f3nica HD los lineamientos de la Renta B\u00e1sica Universal, el nuevo formato que adoptar\u00eda el IFE.<\/p>\n<p>&#8220;La idea de la Renta B\u00e1sica Universal es &#8216;rearmar y tener un ingreso base luego de la pandemia. As\u00ed se puede \u201cgarantizar un ingreso de base y esto unirlo con planes para generar empleo, como el plan Potenciar Trabajo y con la urbanizaci\u00f3n de barrios populares\u201d, detall\u00f3 el funcionario.<\/p>\n<p>&nbsp;<\/p>\n<p><strong>Cu\u00e1ndo se pone en marcha el pago de la Renta B\u00e1sica Universal<\/strong><\/p>\n<p>Arroyo indic\u00f3 que \u201ccuando empiece a pagarse el\u00a0 IFE 3 tenemos que hacer el empalme y empezar a pagar esta renta universal, y lo venimos conversando con actores pol\u00edticos, sociales y sindicales\u201d.<\/p>\n<p>&nbsp;<\/p>\n<p><strong>\u00bfHay que inscribirse para cobrar la Renta B\u00e1sica Universal?<\/strong><\/p>\n<p>A\u00fan no est\u00e1 definido quienes podr\u00e1n acceder al beneficio del Ingreso Universal, pero seg\u00fan explicaron, ser\u00e1 otorgado a alrededor de 3 millones de personas que fueron parte del\u00a0 IFE de Anses, consideradas en &#8220;situaci\u00f3n de alta vulnerabilidad&#8221;.<\/p>\n<p>&nbsp;<\/p>\n<p><strong>\u00bfAUH y AUE podr\u00e1n cobrar la Renta B\u00e1sica Universal?<\/strong><\/p>\n<p>Desdel el ministerio de Desarrollo Social indicaron que a\u00fan estudian si el nuevo ingreso se aplicar\u00e1 por persona o por familia, en el mismo sentido que si podr\u00e1 convivir con la Asignaci\u00f3n Universal por Hijo.<\/p>\n<p>El &#8220;Ingreso Base&#8221; tendr\u00eda una continuidad en el tiempo hasta que la econom\u00eda recupere sus &#8220;signos vitales&#8221; despu\u00e9s del coronavirus, explicaron allegados al ministro.<\/p>\n","protected":false},"excerpt":{"rendered":"<p>El Gobierno pone en marcha su agenda pospandemia y la recuperaci\u00f3n de los sectores econ\u00f3micos golpeados por el coronavirus se traduce en nuevas herramientas de ayuda estatal &nbsp; Despu\u00e9s de la confirmaci\u00f3n del tercer bono de $10000 del Ingreso Familiar de Emergencia (IFE) para todo el pa\u00eds durante agosto, y una posible continuidad en una cuarta asistencia, el Gobierno eval\u00faa nuevas herramientas para hacer frente a la ca\u00edda de la actividad y poder acompa\u00f1ar en el proceso de recuperaci\u00f3n. El ministro de Desarrollo Social, Daniel Arroyo, adelant\u00f3 durante la entrevista&#8230;<\/p>\n","protected":false},"author":3,"featured_media":64574,"comment_status":"closed","ping_status":"closed","sticky":false,"template":"","format":"standard","meta":[],"categories":[2],"tags":[],"_links":{"self":[{"href":"https:\/\/www.actualidadadiario.com\/index.php\/wp-json\/wp\/v2\/posts\/64573"}],"collection":[{"href":"https:\/\/www.actualidadadiario.com\/index.php\/wp-json\/wp\/v2\/posts"}],"about":[{"href":"https:\/\/www.actualidadadiario.com\/index.php\/wp-json\/wp\/v2\/types\/post"}],"author":[{"embeddable":true,"href":"https:\/\/www.actualidadadiario.com\/index.php\/wp-json\/wp\/v2\/users\/3"}],"replies":[{"embeddable":true,"href":"https:\/\/www.actualidadadiario.com\/index.php\/wp-json\/wp\/v2\/comments?post=64573"}],"version-history":[{"count":1,"href":"https:\/\/www.actualidadadiario.com\/index.php\/wp-json\/wp\/v2\/posts\/64573\/revisions"}],"predecessor-version":[{"id":64575,"href":"https:\/\/www.actualidadadiario.com\/index.php\/wp-json\/wp\/v2\/posts\/64573\/revisions\/64575"}],"wp:featuredmedia":[{"embeddable":true,"href":"https:\/\/www.actualidadadiario.com\/index.php\/wp-json\/wp\/v2\/media\/64574"}],"wp:attachment":[{"href":"https:\/\/www.actualidadadiario.com\/index.php\/wp-json\/wp\/v2\/media?parent=64573"}],"wp:term":[{"taxonomy":"category","embeddable":true,"href":"https:\/\/www.actualidadadiario.com\/index.php\/wp-json\/wp\/v2\/categories?post=64573"},{"taxonomy":"post_tag","embeddable":true,"href":"https:\/\/www.actualidadadiario.com\/index.php\/wp-json\/wp\/v2\/tags?post=64573"}],"curies":[{"name":"wp","href":"https:\/\/api.w.org\/{rel}","templated":true}]}}