{"id":64568,"date":"2020-07-23T13:52:31","date_gmt":"2020-07-23T16:52:31","guid":{"rendered":"https:\/\/www.actualidadadiario.com\/?p=64568"},"modified":"2020-07-30T16:02:09","modified_gmt":"2020-07-30T19:02:09","slug":"oficial-la-economia-reboto-un-10-mensual-en-mayo-aunque-cayo-un-206-interanual","status":"publish","type":"post","link":"https:\/\/www.actualidadadiario.com\/index.php\/2020\/07\/23\/oficial-la-economia-reboto-un-10-mensual-en-mayo-aunque-cayo-un-206-interanual\/","title":{"rendered":"Oficial: la econom\u00eda rebot\u00f3 un 10% mensual en mayo aunque cay\u00f3 un 20,6% interanual"},"content":{"rendered":"<p style=\"text-align: center;\"><em><strong>Debido a una mayor flexibilizaci\u00f3n de las restricciones a la movilidad para prevenir los contagios de Covid-19, fundamentalmente en el interior del pa\u00eds, la econom\u00eda mostr\u00f3 cierta mejora respecto a abril seg\u00fan el INDEC<\/strong><\/em><\/p>\n<p>&nbsp;<\/p>\n<p>&nbsp;<\/p>\n<p>Debido a una mayor flexibilizaci\u00f3n de las restricciones a la movilidad para prevenir los contagios de Covid-19, fundamentalmente en el interior del pa\u00eds, la econom\u00eda rebot\u00f3 un 10% mensual en mayo seg\u00fan lo informado este mi\u00e9rcoles por el INDEC. Sin embargo, el Estimador Mensual de Actividad Econ\u00f3mica (EMAE) mostr\u00f3 una ca\u00edda del 20,6% respecto al mismo mes de 2019.<\/p>\n<p>Seg\u00fan los datos del instituto oficial de estad\u00edsticas p\u00fablicas, 12 de 14 sectores mostraron una mejora respecto a abril mientras que, en la comparaci\u00f3n interanual, se observaron ca\u00eddas en todos los segmentos salvo en la pesca.<\/p>\n<p>Las p\u00e9rdidas que m\u00e1s incidieron en la ca\u00edda interanual fueron las sufridas por la industria manufacturera (-25,7%), el comercio (-20,9%) y la construcci\u00f3n (-62,2%).<\/p>\n<p>En el otro extremo, las bajas m\u00e1s leves se observaron el sector de electricidad, gas y agua (-5,1%), en la intermediaci\u00f3n financiera (-4,3%) y en la ense\u00f1anza (-9,1%).<\/p>\n<p>De esta manera, en los primeros cinco meses del a\u00f1o el EMAE acumul\u00f3 una ca\u00edda del 13,2% con relaci\u00f3n al mismo per\u00edodo del a\u00f1o pasado. En abril, la econom\u00eda se hab\u00eda derrumbado un 26,4%.<\/p>\n<p>Cabe recordar que, en el marco de la pandemia, el INDEC tuvo que modificar alguno de los procedimientos metodol\u00f3gicos utilizados previamente para realizar las estimaciones.<\/p>\n<p>Uno de los cambios tuvo que ver con aquellos sectores cuya actividad se estimaba mediante la evoluci\u00f3n de la fuerza laboral. Debido a la reducci\u00f3n de las jornadas en muchas empresas, el organismo explic\u00f3 que &#8220;a partir de marzo se aplic\u00f3 la variaci\u00f3n de los puestos de trabajo equivalentes, esto es, una variable construida a partir de la informaci\u00f3n del SIPA, a la que se le aplican diversos ajustes para transformarlos en puesto de trabajo a tiempo completo y adecuados a la cantidad de d\u00edas laborables en que cada actividad estuvo operativa&#8221;.<\/p>\n<p>Paralelamente, el INDEC precis\u00f3 que, si bien el sector hotelero (que cay\u00f3 74,3% interanual) no tuvo actividad con fines tur\u00edsticos, tal como registr\u00f3 la Encuesta de Ocupaci\u00f3n Hotelera (EOH), s\u00ed prest\u00f3 servicios con fines sanitarios.<\/p>\n<p>&#8220;En este sentido, este servicio prestado constituye una actividad secundaria del sector y, por lo tanto, se registra como actividad econ\u00f3mica en el propio sector de hoteles, de acuerdo a las recomendaciones de la comunidad estad\u00edstica internacional&#8221;, precisaron.<\/p>\n<p>Hace dos semanas, el INDEC inform\u00f3 que la industria mejor\u00f3 un 9% en mayo respecto al mes previo, en lo que fue un anticipo de la leve recuperaci\u00f3n econ\u00f3mica mensual tras la reapertura de actividades en varias partes del territorio argentino.<\/p>\n<p>Seg\u00fan las estimaciones de la Fundaci\u00f3n FIEL para junio, la industria registr\u00f3 una nueva mejora, del 9,4%, respecto a mayo. No obstante, se verific\u00f3 una merma del 6,1% en comparaci\u00f3n con junio de 2019.<\/p>\n<p>De cara a la pospandemia, el Ministerio de Desarrollo Productivo puso en marcha las Mesas Regionales para el Desarrollo Productivo Federal, de manera de hacer foco en la reactivaci\u00f3n de la actividad econ\u00f3mica en todo el pa\u00eds bajo cinco ejes de acci\u00f3n.<\/p>\n<p>Estos ejes para la reactivaci\u00f3n productiva son los recursos naturales y sus cadenas (agroindustria, hidrocarburos, miner\u00eda), el Green New Deal (renovables, electromovilidad); la econom\u00eda del conocimiento e industria 4.0, las industrias de la salud, biofarma y cannabis medicinal, y un sistema de banca de desarrollo.<\/p>\n","protected":false},"excerpt":{"rendered":"<p>Debido a una mayor flexibilizaci\u00f3n de las restricciones a la movilidad para prevenir los contagios de Covid-19, fundamentalmente en el interior del pa\u00eds, la econom\u00eda mostr\u00f3 cierta mejora respecto a abril seg\u00fan el INDEC &nbsp; &nbsp; Debido a una mayor flexibilizaci\u00f3n de las restricciones a la movilidad para prevenir los contagios de Covid-19, fundamentalmente en el interior del pa\u00eds, la econom\u00eda rebot\u00f3 un 10% mensual en mayo seg\u00fan lo informado este mi\u00e9rcoles por el INDEC. Sin embargo, el Estimador Mensual de Actividad Econ\u00f3mica (EMAE) mostr\u00f3 una ca\u00edda del 20,6% respecto&#8230;<\/p>\n","protected":false},"author":3,"featured_media":64569,"comment_status":"closed","ping_status":"closed","sticky":false,"template":"","format":"standard","meta":[],"categories":[2],"tags":[],"_links":{"self":[{"href":"https:\/\/www.actualidadadiario.com\/index.php\/wp-json\/wp\/v2\/posts\/64568"}],"collection":[{"href":"https:\/\/www.actualidadadiario.com\/index.php\/wp-json\/wp\/v2\/posts"}],"about":[{"href":"https:\/\/www.actualidadadiario.com\/index.php\/wp-json\/wp\/v2\/types\/post"}],"author":[{"embeddable":true,"href":"https:\/\/www.actualidadadiario.com\/index.php\/wp-json\/wp\/v2\/users\/3"}],"replies":[{"embeddable":true,"href":"https:\/\/www.actualidadadiario.com\/index.php\/wp-json\/wp\/v2\/comments?post=64568"}],"version-history":[{"count":1,"href":"https:\/\/www.actualidadadiario.com\/index.php\/wp-json\/wp\/v2\/posts\/64568\/revisions"}],"predecessor-version":[{"id":64570,"href":"https:\/\/www.actualidadadiario.com\/index.php\/wp-json\/wp\/v2\/posts\/64568\/revisions\/64570"}],"wp:featuredmedia":[{"embeddable":true,"href":"https:\/\/www.actualidadadiario.com\/index.php\/wp-json\/wp\/v2\/media\/64569"}],"wp:attachment":[{"href":"https:\/\/www.actualidadadiario.com\/index.php\/wp-json\/wp\/v2\/media?parent=64568"}],"wp:term":[{"taxonomy":"category","embeddable":true,"href":"https:\/\/www.actualidadadiario.com\/index.php\/wp-json\/wp\/v2\/categories?post=64568"},{"taxonomy":"post_tag","embeddable":true,"href":"https:\/\/www.actualidadadiario.com\/index.php\/wp-json\/wp\/v2\/tags?post=64568"}],"curies":[{"name":"wp","href":"https:\/\/api.w.org\/{rel}","templated":true}]}}