{"id":64566,"date":"2020-07-23T13:51:41","date_gmt":"2020-07-23T16:51:41","guid":{"rendered":"https:\/\/www.actualidadadiario.com\/?p=64566"},"modified":"2020-07-30T16:02:09","modified_gmt":"2020-07-30T19:02:09","slug":"sola-presento-el-consejo-mixto-para-impulsar-las-exportaciones-argentinas","status":"publish","type":"post","link":"https:\/\/www.actualidadadiario.com\/index.php\/2020\/07\/23\/sola-presento-el-consejo-mixto-para-impulsar-las-exportaciones-argentinas\/","title":{"rendered":"Sol\u00e1 present\u00f3 el consejo mixto para impulsar las exportaciones argentinas"},"content":{"rendered":"<p style=\"text-align: center;\"><em><strong>Los empresarios destacaron la participaci\u00f3n que tendr\u00e1n en el armado de los planes exportadores, y en las negociaciones internacionales<\/strong><\/em><\/p>\n<p>&nbsp;<\/p>\n<p>&nbsp;<\/p>\n<p>Con la participaci\u00f3n de m\u00e1s de 180 c\u00e1maras empresariales de activa intervenci\u00f3n en el comercio exterior, el canciller Felipe Sol\u00e1 lanz\u00f3 esta tarde el Consejo P\u00fablico Privado para la Promoci\u00f3n de Exportaciones, el espacio institucional que articular\u00e1 en forma permanente el di\u00e1logo entre el gobierno y las empresas para formular una pol\u00edtica nacional exportadora.<\/p>\n<p>Sol\u00e1 destac\u00f3 la necesidad de una sociedad de las empresas con \u201cun Estado que ayude, que est\u00e9 en las buenas y en las malas, que entienda los problemas, de sector, de regi\u00f3n, de producto o de mercado\u201d. \u201cNosotros no decidimos qu\u00e9 se exporta o c\u00f3mo se exporta, sino que sabemos d\u00f3nde est\u00e1n las posibilidades y qu\u00e9 necesitan, y promover de abajo hacia arriba una exportaci\u00f3n. Tenemos que identificar mercados claves con ustedes. Que el mundo conozca cu\u00e1l es la definici\u00f3n de la oferta exportable argentina\u201d, asegur\u00f3.<\/p>\n<p>\u201cTenemos exportaciones muy concentradas en productos y en mercados y queremos ampliar las firmas exportadoras\u201d, sostuvo Sol\u00e1 al presidir junto al secretario de Relaciones Econ\u00f3micas Internacionales, Jorge Neme, el lanzamiento de este organismo creado mediante la Resoluci\u00f3n 136\/2020 del Ministerio de Relaciones Exteriores, Comercio Internacional y Culto.<\/p>\n<p>\u201cConocemos el know how que tienen ustedes, su historia exportadora y el af\u00e1n exportador de muchos que no, y estimamos como muy importante la capacidad de reacci\u00f3n de la Argentina\u201d, dijo el Ministro a los representantes de las c\u00e1maras sectoriales.<\/p>\n<p>Durante el encuentro por videoconferencia, que cont\u00f3 con la moderaci\u00f3n del subsecretario de Promoci\u00f3n del Comercio e Inversiones, Pablo S\u00edvori, expusieron adem\u00e1s el presidente de la Comisi\u00f3n Directiva de CIARA-CEC, Gustavo Id\u00edgoras; la presidenta de la Uni\u00f3n Industrial de Salta y vocal de la Junta Directiva de la UIA, Paula Bibini y el gerente general de INVAP S.E., Vicente Campeni.<\/p>\n<p>El canciller destac\u00f3 la importancia del Consejo \u201cpara no errar en el diagn\u00f3stico\u201d y explic\u00f3 que \u201cexisten cadenas de valor muy importantes en el mundo y la Argentina no tiene que inventar una nueva, sino inventar su espacio en esas cadenas, con un producto central o complementario, o con uno que puede ser insumo. No estamos en condiciones de correr en paralelo a esas cadenas; estamos en condiciones de integrarnos, en la medida que nos conviene\u201d.<\/p>\n<p>\u201cArgentina lleg\u00f3 a exportar 85.000 millones de d\u00f3lares y era una Argentina menos deprimida, con bastante menos deuda y con otro mundo. Se puede volver a exportar eso. 20.000 millones m\u00e1s solucionar\u00edan una gran cantidad de problemas que hoy tenemos y que provocan una gran cantidad de limitantes\u201d, dijo.<\/p>\n<p>Por su parte Neme celebr\u00f3 la presencia \u201ccerca de 189 personas que representan miles de empresas\u201d en el lanzamiento del Consejo y ponder\u00f3 \u201clos marcos institucionales, que hacen perdurar las pol\u00edticas p\u00fablicas\u201d.<\/p>\n<p>\u201cCreemos que esta articulaci\u00f3n p\u00fablico-privada es clave para mejorar la competitividad del sector exportador argentino, buscar nuevos mercados, ordenar la oferta exportadora y darle relevancia internacional a la marca argentina\u201d, dijo.<\/p>\n<p>El encargado de las negociaciones econ\u00f3micas internacionales de la Canciller\u00eda sostuvo adem\u00e1s que &#8220;la Argentina es el \u00fanico pa\u00eds del mundo que ha disminuido el n\u00famero de empresas que exportan y es responsabilidad del sector privado y el sector p\u00fablico dar vuelta esta situaci\u00f3n\u201d. Asimismo explic\u00f3 la necesidad de \u201cencontrar un mecanismo operativo para trabajar con el conjunto de asociaciones y c\u00e1maras que est\u00e1n presentes\u201d.<\/p>\n<p>Neme plante\u00f3 una primera sectorizaci\u00f3n de catorce sectores (econom\u00edas regionales, pesca, cereales y oleaginosas, industria de la transformaci\u00f3n, c\u00e1rnico, bienes de capital, frut\u00edcola, industria qu\u00edmica, miner\u00eda y petr\u00f3leo, industrias culturales, industrias alimenticias, nuevas tecnolog\u00edas y servicios, sector automotriz, indumentaria) y anunci\u00f3 la Secretaria designar\u00e1 funcionarios especializados para que operen como enlaces de cada una de las mesas junto a un representante del sector privado.<\/p>\n","protected":false},"excerpt":{"rendered":"<p>Los empresarios destacaron la participaci\u00f3n que tendr\u00e1n en el armado de los planes exportadores, y en las negociaciones internacionales &nbsp; &nbsp; Con la participaci\u00f3n de m\u00e1s de 180 c\u00e1maras empresariales de activa intervenci\u00f3n en el comercio exterior, el canciller Felipe Sol\u00e1 lanz\u00f3 esta tarde el Consejo P\u00fablico Privado para la Promoci\u00f3n de Exportaciones, el espacio institucional que articular\u00e1 en forma permanente el di\u00e1logo entre el gobierno y las empresas para formular una pol\u00edtica nacional exportadora. Sol\u00e1 destac\u00f3 la necesidad de una sociedad de las empresas con \u201cun Estado que ayude,&#8230;<\/p>\n","protected":false},"author":3,"featured_media":62423,"comment_status":"closed","ping_status":"closed","sticky":false,"template":"","format":"standard","meta":[],"categories":[2],"tags":[],"_links":{"self":[{"href":"https:\/\/www.actualidadadiario.com\/index.php\/wp-json\/wp\/v2\/posts\/64566"}],"collection":[{"href":"https:\/\/www.actualidadadiario.com\/index.php\/wp-json\/wp\/v2\/posts"}],"about":[{"href":"https:\/\/www.actualidadadiario.com\/index.php\/wp-json\/wp\/v2\/types\/post"}],"author":[{"embeddable":true,"href":"https:\/\/www.actualidadadiario.com\/index.php\/wp-json\/wp\/v2\/users\/3"}],"replies":[{"embeddable":true,"href":"https:\/\/www.actualidadadiario.com\/index.php\/wp-json\/wp\/v2\/comments?post=64566"}],"version-history":[{"count":1,"href":"https:\/\/www.actualidadadiario.com\/index.php\/wp-json\/wp\/v2\/posts\/64566\/revisions"}],"predecessor-version":[{"id":64567,"href":"https:\/\/www.actualidadadiario.com\/index.php\/wp-json\/wp\/v2\/posts\/64566\/revisions\/64567"}],"wp:featuredmedia":[{"embeddable":true,"href":"https:\/\/www.actualidadadiario.com\/index.php\/wp-json\/wp\/v2\/media\/62423"}],"wp:attachment":[{"href":"https:\/\/www.actualidadadiario.com\/index.php\/wp-json\/wp\/v2\/media?parent=64566"}],"wp:term":[{"taxonomy":"category","embeddable":true,"href":"https:\/\/www.actualidadadiario.com\/index.php\/wp-json\/wp\/v2\/categories?post=64566"},{"taxonomy":"post_tag","embeddable":true,"href":"https:\/\/www.actualidadadiario.com\/index.php\/wp-json\/wp\/v2\/tags?post=64566"}],"curies":[{"name":"wp","href":"https:\/\/api.w.org\/{rel}","templated":true}]}}