{"id":64557,"date":"2020-07-23T13:48:29","date_gmt":"2020-07-23T16:48:29","guid":{"rendered":"https:\/\/www.actualidadadiario.com\/?p=64557"},"modified":"2020-07-30T16:02:09","modified_gmt":"2020-07-30T19:02:09","slug":"ultiman-detalles-para-la-implementacion-de-la-sube-en-concordia","status":"publish","type":"post","link":"https:\/\/www.actualidadadiario.com\/index.php\/2020\/07\/23\/ultiman-detalles-para-la-implementacion-de-la-sube-en-concordia\/","title":{"rendered":"Ultiman detalles para la implementaci\u00f3n de la SUBE en Concordia"},"content":{"rendered":"<p style=\"text-align: center;\"><em><strong>Luego de varios intentos que se vieron atrasados, desde Gesti\u00f3n y Coordinaci\u00f3n de la Municipalidad reconocieron que \u201cse est\u00e1 trabajando en los \u00faltimos detalles\u201d para implementar el sistema en la ciudad<\/strong><\/em><\/p>\n<p>&nbsp;<\/p>\n<p>&nbsp;<\/p>\n<p>Anteriormente se hab\u00eda informado que \u00fanicamente faltaba firmar un convenio entre el Municipio y la Maci\u00f3n para implementar este sistema de la Tarjeta SUBE. Posterior a eso, desde la Municipalidad se dio a conocer que las tratativas para implementar el servicio en la ciudad se habr\u00edan retomado con la idea de instrumentarla de manera beneficiosa para los transportistas.<\/p>\n<p>Adem\u00e1s, la implementaci\u00f3n de la SUBE en Concordia, se hab\u00eda visto demorada por una serie de problemas t\u00e9cnicos sumado a que algunas empresas no pudieron afrontar la adaptaci\u00f3n al sistema.<\/p>\n<p>Ahora, Fernando Barboza, secretario de Gesti\u00f3n y Coordinaci\u00f3n de la Municipalidad de Concordia, explic\u00f3 a Diario R\u00edo Uruguay que \u201cestamos trabajando en los \u00faltimos detalles, pasos administrativos m\u00e1s que nada, para implementar la tarjeta SUBE\u201d.<\/p>\n<p>Asimismo, Barboza reconoci\u00f3 que \u201cno tiene un plazo para comenzar a funcionar, pero la decisi\u00f3n fue tomada por el intendente, por lo que el sistema se utilizar\u00e1 en Concordia\u201d.<\/p>\n<p>Adem\u00e1s, agreg\u00f3 que \u201cestamos poniendo en condiciones la oficina central, que estar\u00e1 ubicada en la terminal\u201d.<\/p>\n","protected":false},"excerpt":{"rendered":"<p>Luego de varios intentos que se vieron atrasados, desde Gesti\u00f3n y Coordinaci\u00f3n de la Municipalidad reconocieron que \u201cse est\u00e1 trabajando en los \u00faltimos detalles\u201d para implementar el sistema en la ciudad &nbsp; &nbsp; Anteriormente se hab\u00eda informado que \u00fanicamente faltaba firmar un convenio entre el Municipio y la Maci\u00f3n para implementar este sistema de la Tarjeta SUBE. Posterior a eso, desde la Municipalidad se dio a conocer que las tratativas para implementar el servicio en la ciudad se habr\u00edan retomado con la idea de instrumentarla de manera beneficiosa para los&#8230;<\/p>\n","protected":false},"author":3,"featured_media":64558,"comment_status":"closed","ping_status":"closed","sticky":false,"template":"","format":"standard","meta":[],"categories":[15],"tags":[],"_links":{"self":[{"href":"https:\/\/www.actualidadadiario.com\/index.php\/wp-json\/wp\/v2\/posts\/64557"}],"collection":[{"href":"https:\/\/www.actualidadadiario.com\/index.php\/wp-json\/wp\/v2\/posts"}],"about":[{"href":"https:\/\/www.actualidadadiario.com\/index.php\/wp-json\/wp\/v2\/types\/post"}],"author":[{"embeddable":true,"href":"https:\/\/www.actualidadadiario.com\/index.php\/wp-json\/wp\/v2\/users\/3"}],"replies":[{"embeddable":true,"href":"https:\/\/www.actualidadadiario.com\/index.php\/wp-json\/wp\/v2\/comments?post=64557"}],"version-history":[{"count":1,"href":"https:\/\/www.actualidadadiario.com\/index.php\/wp-json\/wp\/v2\/posts\/64557\/revisions"}],"predecessor-version":[{"id":64559,"href":"https:\/\/www.actualidadadiario.com\/index.php\/wp-json\/wp\/v2\/posts\/64557\/revisions\/64559"}],"wp:featuredmedia":[{"embeddable":true,"href":"https:\/\/www.actualidadadiario.com\/index.php\/wp-json\/wp\/v2\/media\/64558"}],"wp:attachment":[{"href":"https:\/\/www.actualidadadiario.com\/index.php\/wp-json\/wp\/v2\/media?parent=64557"}],"wp:term":[{"taxonomy":"category","embeddable":true,"href":"https:\/\/www.actualidadadiario.com\/index.php\/wp-json\/wp\/v2\/categories?post=64557"},{"taxonomy":"post_tag","embeddable":true,"href":"https:\/\/www.actualidadadiario.com\/index.php\/wp-json\/wp\/v2\/tags?post=64557"}],"curies":[{"name":"wp","href":"https:\/\/api.w.org\/{rel}","templated":true}]}}