{"id":64555,"date":"2020-07-23T13:47:46","date_gmt":"2020-07-23T16:47:46","guid":{"rendered":"https:\/\/www.actualidadadiario.com\/?p=64555"},"modified":"2020-07-30T16:02:09","modified_gmt":"2020-07-30T19:02:09","slug":"18-nuevos-casos-de-coronavirus-en-entre-rios","status":"publish","type":"post","link":"https:\/\/www.actualidadadiario.com\/index.php\/2020\/07\/23\/18-nuevos-casos-de-coronavirus-en-entre-rios\/","title":{"rendered":"18 nuevos casos de coronavirus en Entre R\u00edos"},"content":{"rendered":"<p style=\"text-align: center;\"><em><strong>El \u00e1rea de Vigilancia Epidemiol\u00f3gica del Ministerio de Salud, confirm\u00f3 que este jueves en Entre R\u00edos se registraron 18 nuevos casos de coronavirus<\/strong><\/em><\/p>\n<p>&nbsp;<\/p>\n<p>&nbsp;<\/p>\n<p>Los cinco primeros corresponden a la ciudad de Paran\u00e1, tres de ellos son contactos estrechos de pacientes con Covid-19 y de uno su nexo se encuentra en investigaci\u00f3n. El caso restante, viaja semana por medio a la localidad de Feliciano, pero posee domicilio en la capital de la provincia y su nexo se encuentra en estudio.<\/p>\n<p>Otros cinco casos fueron detectados en Gualeguaych\u00fa, cuatro est\u00e1n relacionados a casos ya confirmados previamente y uno posee antecedente de viaje a provincia con transmisi\u00f3n comunitaria (Buenos Aires).<\/p>\n<p>Asimismo, se confirm\u00f3 un caso en la ciudad de Concordia y su nexo epidemiol\u00f3gico se encuentra en estudio.<\/p>\n<p>Los siguientes tres casos pertenecen a las localidades de Villa del Rosario, Chajar\u00ed y Colonia La Florida , Departamento Federaci\u00f3n, y son contactos de un caso sospechoso con antecedente de viaje a Buenos Aires.<\/p>\n<p>Finalmente los \u00faltimos cuatro casos corresponden al departamento Diamante, tres pertenecen a la ciudad cabecera, uno es contacto estrecho de caso confirmado con anterioridad y los dos restantes los nexos epidemiol\u00f3gicos se encuentran en estudio. El restante fue detectado en Aldea Brasilera y es contacto estrecho de paciente con Covid-19.<\/p>\n<p>De ese modo, en la provincia son 692 los casos confirmados.<\/p>\n","protected":false},"excerpt":{"rendered":"<p>El \u00e1rea de Vigilancia Epidemiol\u00f3gica del Ministerio de Salud, confirm\u00f3 que este jueves en Entre R\u00edos se registraron 18 nuevos casos de coronavirus &nbsp; &nbsp; Los cinco primeros corresponden a la ciudad de Paran\u00e1, tres de ellos son contactos estrechos de pacientes con Covid-19 y de uno su nexo se encuentra en investigaci\u00f3n. El caso restante, viaja semana por medio a la localidad de Feliciano, pero posee domicilio en la capital de la provincia y su nexo se encuentra en estudio. Otros cinco casos fueron detectados en Gualeguaych\u00fa, cuatro est\u00e1n&#8230;<\/p>\n","protected":false},"author":3,"featured_media":64106,"comment_status":"closed","ping_status":"closed","sticky":false,"template":"","format":"standard","meta":[],"categories":[9,15],"tags":[],"_links":{"self":[{"href":"https:\/\/www.actualidadadiario.com\/index.php\/wp-json\/wp\/v2\/posts\/64555"}],"collection":[{"href":"https:\/\/www.actualidadadiario.com\/index.php\/wp-json\/wp\/v2\/posts"}],"about":[{"href":"https:\/\/www.actualidadadiario.com\/index.php\/wp-json\/wp\/v2\/types\/post"}],"author":[{"embeddable":true,"href":"https:\/\/www.actualidadadiario.com\/index.php\/wp-json\/wp\/v2\/users\/3"}],"replies":[{"embeddable":true,"href":"https:\/\/www.actualidadadiario.com\/index.php\/wp-json\/wp\/v2\/comments?post=64555"}],"version-history":[{"count":1,"href":"https:\/\/www.actualidadadiario.com\/index.php\/wp-json\/wp\/v2\/posts\/64555\/revisions"}],"predecessor-version":[{"id":64556,"href":"https:\/\/www.actualidadadiario.com\/index.php\/wp-json\/wp\/v2\/posts\/64555\/revisions\/64556"}],"wp:featuredmedia":[{"embeddable":true,"href":"https:\/\/www.actualidadadiario.com\/index.php\/wp-json\/wp\/v2\/media\/64106"}],"wp:attachment":[{"href":"https:\/\/www.actualidadadiario.com\/index.php\/wp-json\/wp\/v2\/media?parent=64555"}],"wp:term":[{"taxonomy":"category","embeddable":true,"href":"https:\/\/www.actualidadadiario.com\/index.php\/wp-json\/wp\/v2\/categories?post=64555"},{"taxonomy":"post_tag","embeddable":true,"href":"https:\/\/www.actualidadadiario.com\/index.php\/wp-json\/wp\/v2\/tags?post=64555"}],"curies":[{"name":"wp","href":"https:\/\/api.w.org\/{rel}","templated":true}]}}