{"id":64552,"date":"2020-07-23T13:46:59","date_gmt":"2020-07-23T16:46:59","guid":{"rendered":"https:\/\/www.actualidadadiario.com\/?p=64552"},"modified":"2020-07-30T16:02:09","modified_gmt":"2020-07-30T19:02:09","slug":"el-gobierno-provincial-define-con-universidades-protocolos-para-las-clases-en-el-nivel-superior","status":"publish","type":"post","link":"https:\/\/www.actualidadadiario.com\/index.php\/2020\/07\/23\/el-gobierno-provincial-define-con-universidades-protocolos-para-las-clases-en-el-nivel-superior\/","title":{"rendered":"El Gobierno provincial define con universidades protocolos para las clases en el nivel superior"},"content":{"rendered":"<p style=\"text-align: center;\"><em><strong>En una videoconferencia con rectores y decanos de universidades p\u00fablicas y privadas entrerrianas, el Gobernador y la Vicegobernadora analizaron el dictado de clases que se lleva adelante en ese nivel en el marco de la pandemia y los protocolos para el cursado presencial<\/strong><\/em><\/p>\n<p>&nbsp;<\/p>\n<p>&nbsp;<\/p>\n<p>Luego de la reuni\u00f3n virtual, que se estableci\u00f3 desde la Vicegobernaci\u00f3n, encabezada por el gobernador Gustavo Bordet y la vicegobenadora Laura Stratta, la titular del Senado explic\u00f3: &#8220;Estuvimos con los rectores y decanos de universidades de Entre R\u00edos para hablar de la modalidad de educaci\u00f3n a distancia, c\u00f3mo ha sido en el \u00e1mbito universitario y tambi\u00e9n algunas debilidades que tienen en este contexto que tiene que ver con algunos ex\u00e1menes que son presenciales y con algunas actividades en el marco de las carreras que necesitan de la presencialidad.<\/p>\n<p>\u201cPor eso abordamos este tema en conjunto y vamos a tratar estos temas con el COES y con el equipo del gobierno provincial. Lo que ha planteado el Gobernador es tener listos los protocolos y, si la situaci\u00f3n epidemiol\u00f3gica lo permite, vamos a ir aplic\u00e1ndolos en el \u00e1mbito universitario como as\u00ed tambi\u00e9n en el \u00faltimo a\u00f1o del secundario y del primario en el caso del Consejo General de Educaci\u00f3n\u201d, explic\u00f3 Stratta.<\/p>\n<p>Dijo que se hizo hincapi\u00e9 en la necesidad de tener listos los protocolos, advertir cu\u00e1les son las necesidades que tiene el \u00e1mbito universitario que obviamente se apropi\u00f3 de los nuevos dispositivos que nos permiten la tecnolog\u00eda pero hay ciertas cuestiones que todav\u00eda no pueden resolverse y que necesitan que podamos abordarlas de manera conjunta, articulada, pensando tambi\u00e9n en las necesidades de las instituciones educativas y de los estudiantes.<\/p>\n<p>Participaron en el contacto los rectores de la Universidad de Concepci\u00f3n del Uruguay (UCU), H\u00e9ctor C\u00e9sar Sauret; de la Universidad Nacional de Entre R\u00edos (UNER), Andr\u00e9s Sabella; de la Universidad Adventista del Plata, Oscar Ramos; y de la Universidad Aut\u00f3noma de Entre R\u00edos (Uader), An\u00edbal Sattler; adem\u00e1s de los decanos de la Universidad Tecnol\u00f3gica Nacional (UTN), Alejandro Carrere; y de la Universidad Cat\u00f3lica Argentina, Mart\u00edn Acevedo Mi\u00f1o.<\/p>\n<p>A su turno, Acevedo Mi\u00f1o destac\u00f3 la oportunidad de contar con este espacio para intercambiar ideas de lo que est\u00e1 pasando en la educaci\u00f3n universitaria, y apunt\u00f3: \u201cLo que se plante\u00f3 en un inicio como un gran desaf\u00edo, que fue pasar a la virtualidad y tratar de trasladar a esta nueva modalidad todas nuestras actividades, ahora necesita de un plan para ver c\u00f3mo seguimos, cu\u00e1les son los elementos que tenemos que tener en cuenta para continuar con nuestra actividad. De eso se trat\u00f3 la reuni\u00f3n, que fue muy fruct\u00edfera y donde cada uno de los integrantes de la mesa pudimos poner al tanto al gobernador y a la vicegobernadora de cu\u00e1les han sido las particularidades de este tiempo que nos toc\u00f3 atravesar y ver c\u00f3mo seguimos&#8221;.<\/p>\n<p>En tanto, Sabella expres\u00f3: &#8220;La universidad argentina ha podido dar respuestas en este contexto a las diferentes actividades y demandas propias de la comunidad universitaria. Y en ese marco tenemos que festejar especialmente que, manteniendo determinados protocolos y caracter\u00edsticas, son muchos los estudiantes universitarios que, pese al estado de aislamiento, han podido dar sus ex\u00e1menes y graduarse en la carrera elegida que con tanto sacrificio han realizado\u201d.<\/p>\n<p>Y agreg\u00f3: &#8220;Hay muchos recibidos y eso es que es una muestra cabal de que el sistema universitario ha seguido trabajando y que lo ha hecho fundamentalmente cuidando la salud de todos y todas, no perdiendo la calidad educativa y fundamentalmente respetando el derecho de los estudiantes a poder seguir estudiando y el derecho de los trabajadores a hacerlo en un marco de seguridad sanitaria&#8221;.<\/p>\n<p>Consultado sobre si en algunos casos se dificulta no poder hacer la clase presencial, Sabella expres\u00f3: &#8220;La universidad es tan diversa y tan amplia que indudablemente hay disciplinas, carreras o asignaturas dentro de las mismas carreras que ofrecen mayores dificultades para poderse llevar adelante de manera virtual. Y ese es uno de los temas que nos ha convocado hoy y que es intentar dar respuesta a esas situaciones particulares, especiales, que requieren de actividades presenciales. As\u00ed que celebramos la reuni\u00f3n mantenida y agradecemos al gobernador y a la vicegobernadora el espacio de escucha y el compromiso de llevar adelante estas soluciones que estamos esperando&#8221;, complet\u00f3 el rector.<\/p>\n","protected":false},"excerpt":{"rendered":"<p>En una videoconferencia con rectores y decanos de universidades p\u00fablicas y privadas entrerrianas, el Gobernador y la Vicegobernadora analizaron el dictado de clases que se lleva adelante en ese nivel en el marco de la pandemia y los protocolos para el cursado presencial &nbsp; &nbsp; Luego de la reuni\u00f3n virtual, que se estableci\u00f3 desde la Vicegobernaci\u00f3n, encabezada por el gobernador Gustavo Bordet y la vicegobenadora Laura Stratta, la titular del Senado explic\u00f3: &#8220;Estuvimos con los rectores y decanos de universidades de Entre R\u00edos para hablar de la modalidad de educaci\u00f3n&#8230;<\/p>\n","protected":false},"author":3,"featured_media":64553,"comment_status":"closed","ping_status":"closed","sticky":false,"template":"","format":"standard","meta":[],"categories":[15],"tags":[],"_links":{"self":[{"href":"https:\/\/www.actualidadadiario.com\/index.php\/wp-json\/wp\/v2\/posts\/64552"}],"collection":[{"href":"https:\/\/www.actualidadadiario.com\/index.php\/wp-json\/wp\/v2\/posts"}],"about":[{"href":"https:\/\/www.actualidadadiario.com\/index.php\/wp-json\/wp\/v2\/types\/post"}],"author":[{"embeddable":true,"href":"https:\/\/www.actualidadadiario.com\/index.php\/wp-json\/wp\/v2\/users\/3"}],"replies":[{"embeddable":true,"href":"https:\/\/www.actualidadadiario.com\/index.php\/wp-json\/wp\/v2\/comments?post=64552"}],"version-history":[{"count":1,"href":"https:\/\/www.actualidadadiario.com\/index.php\/wp-json\/wp\/v2\/posts\/64552\/revisions"}],"predecessor-version":[{"id":64554,"href":"https:\/\/www.actualidadadiario.com\/index.php\/wp-json\/wp\/v2\/posts\/64552\/revisions\/64554"}],"wp:featuredmedia":[{"embeddable":true,"href":"https:\/\/www.actualidadadiario.com\/index.php\/wp-json\/wp\/v2\/media\/64553"}],"wp:attachment":[{"href":"https:\/\/www.actualidadadiario.com\/index.php\/wp-json\/wp\/v2\/media?parent=64552"}],"wp:term":[{"taxonomy":"category","embeddable":true,"href":"https:\/\/www.actualidadadiario.com\/index.php\/wp-json\/wp\/v2\/categories?post=64552"},{"taxonomy":"post_tag","embeddable":true,"href":"https:\/\/www.actualidadadiario.com\/index.php\/wp-json\/wp\/v2\/tags?post=64552"}],"curies":[{"name":"wp","href":"https:\/\/api.w.org\/{rel}","templated":true}]}}