{"id":64528,"date":"2020-07-22T13:50:42","date_gmt":"2020-07-22T16:50:42","guid":{"rendered":"https:\/\/www.actualidadadiario.com\/?p=64528"},"modified":"2020-07-30T16:02:20","modified_gmt":"2020-07-30T19:02:20","slug":"bolsonaro-se-hizo-un-tercer-test-de-coronavirus-y-volvio-a-dar-positivo","status":"publish","type":"post","link":"https:\/\/www.actualidadadiario.com\/index.php\/2020\/07\/22\/bolsonaro-se-hizo-un-tercer-test-de-coronavirus-y-volvio-a-dar-positivo\/","title":{"rendered":"Bolsonaro se hizo un tercer test de coronavirus y volvi\u00f3 a dar positivo"},"content":{"rendered":"<p style=\"text-align: center;\"><em><strong>Jair Bolsonaro no se cura. As\u00ed lo indic\u00f3 el tercer examen realizado al presidente de Brasil, quien desde hace poco m\u00e1s de dos semanas se encuentra infectado por Covid-19 y que a pesar de ello transgredi\u00f3 en varias oportunidades el confinamiento obligatorio<\/strong><\/em><\/p>\n<p>&nbsp;<\/p>\n<p>&nbsp;<\/p>\n<p>&#8220;El test realizado el d\u00eda 21 present\u00f3 resultado positivo&#8221; y el mandatario se encuentra \u201cen buena evoluci\u00f3n\u201d, afirma el comunicado del Palacio del Planalto. El texto agreg\u00f3 que por este motivo el presidente suspendi\u00f3 su agenda prevista para los d\u00edas posteriores a su curaci\u00f3n.<\/p>\n<p>El d\u00eda en que el Gobierno brasile\u00f1o inform\u00f3 sobre el contagio del jefe de Estado fue el 7 de julio, por lo que ya van 16 d\u00edas en que Bolsonaro transcurre con la \u201cgripezinha\u201d, tal como \u00e9l hab\u00eda llamado a la pandemia cuando registr\u00f3 los primeros casos en ese pa\u00eds.<\/p>\n<p>Tras la confirmaci\u00f3n de que su coronavirus sigue en curso, Bolsonaro deber\u00e1 mantenerse en distanciamiento social y en recuperaci\u00f3n en el Palacio de la Alvorada, la residencia presidencial.<\/p>\n<p>As\u00ed y todo, el mandatario est\u00e1 saliendo al atarceder a los jardines para comunicarse con una distancia de 3 metros con algunos seguidores, ocasiones en los que reivindica el uso del remedio para la malaria hidroxicloroquina, no comprobado como eficiente por los m\u00e9dicos.<\/p>\n<p>&nbsp;<\/p>\n<p><strong>Brasil, el segundo pa\u00eds m\u00e1s afectado por el coronavirus<\/strong><\/p>\n<p>Adem\u00e1s de Bolsonaro, los infectados suman 2.159.654. En la actualidad, Brasil es el segundo del mundo con mayor cantidad de casos y fallecidos, detr\u00e1s de Estados Unidos. El martes, Brasil tuvo su peor d\u00eda de las \u00faltimas cuatro semanas, con 1.367 muertes en 24 horas, por lo que se elev\u00f3 a 81.487 el total desde el inicio de la pandemia.<\/p>\n<p>Por otra parte, en las \u00faltimas horas, el Ministerio de Salud que se encuentra a cargo del general Eduardo Pazuello fue objetado por el Tribunal de Cuentas de la Uni\u00f3n por haber subjecutado el presupuesto frente a la pandemia. Seg\u00fan un informe del Tribunal de Cuentas, desde marzo se gast\u00f3 el 29 por ciento de lo previsto en el presupuesto de Salud.<\/p>\n<p>En este marco, el presidente sufri\u00f3 anoche un rev\u00e9s pol\u00edtico luego de que la C\u00e1mara de Diputados aprobara el aumento escalonado del aporte del Gobierno federal al Fondo de la Educaci\u00f3n B\u00e1sica hasta 2026, que asegura los salarios de los maestros estatales en todo el pa\u00eds. El Gobierno brasile\u00f1o quer\u00eda eliminar el fondo, en el marco de su pol\u00edtica de ajuste.<\/p>\n","protected":false},"excerpt":{"rendered":"<p>Jair Bolsonaro no se cura. As\u00ed lo indic\u00f3 el tercer examen realizado al presidente de Brasil, quien desde hace poco m\u00e1s de dos semanas se encuentra infectado por Covid-19 y que a pesar de ello transgredi\u00f3 en varias oportunidades el confinamiento obligatorio &nbsp; &nbsp; &#8220;El test realizado el d\u00eda 21 present\u00f3 resultado positivo&#8221; y el mandatario se encuentra \u201cen buena evoluci\u00f3n\u201d, afirma el comunicado del Palacio del Planalto. El texto agreg\u00f3 que por este motivo el presidente suspendi\u00f3 su agenda prevista para los d\u00edas posteriores a su curaci\u00f3n. El d\u00eda&#8230;<\/p>\n","protected":false},"author":3,"featured_media":64529,"comment_status":"closed","ping_status":"closed","sticky":false,"template":"","format":"standard","meta":[],"categories":[4],"tags":[],"_links":{"self":[{"href":"https:\/\/www.actualidadadiario.com\/index.php\/wp-json\/wp\/v2\/posts\/64528"}],"collection":[{"href":"https:\/\/www.actualidadadiario.com\/index.php\/wp-json\/wp\/v2\/posts"}],"about":[{"href":"https:\/\/www.actualidadadiario.com\/index.php\/wp-json\/wp\/v2\/types\/post"}],"author":[{"embeddable":true,"href":"https:\/\/www.actualidadadiario.com\/index.php\/wp-json\/wp\/v2\/users\/3"}],"replies":[{"embeddable":true,"href":"https:\/\/www.actualidadadiario.com\/index.php\/wp-json\/wp\/v2\/comments?post=64528"}],"version-history":[{"count":1,"href":"https:\/\/www.actualidadadiario.com\/index.php\/wp-json\/wp\/v2\/posts\/64528\/revisions"}],"predecessor-version":[{"id":64530,"href":"https:\/\/www.actualidadadiario.com\/index.php\/wp-json\/wp\/v2\/posts\/64528\/revisions\/64530"}],"wp:featuredmedia":[{"embeddable":true,"href":"https:\/\/www.actualidadadiario.com\/index.php\/wp-json\/wp\/v2\/media\/64529"}],"wp:attachment":[{"href":"https:\/\/www.actualidadadiario.com\/index.php\/wp-json\/wp\/v2\/media?parent=64528"}],"wp:term":[{"taxonomy":"category","embeddable":true,"href":"https:\/\/www.actualidadadiario.com\/index.php\/wp-json\/wp\/v2\/categories?post=64528"},{"taxonomy":"post_tag","embeddable":true,"href":"https:\/\/www.actualidadadiario.com\/index.php\/wp-json\/wp\/v2\/tags?post=64528"}],"curies":[{"name":"wp","href":"https:\/\/api.w.org\/{rel}","templated":true}]}}