{"id":64522,"date":"2020-07-22T13:48:23","date_gmt":"2020-07-22T16:48:23","guid":{"rendered":"https:\/\/www.actualidadadiario.com\/?p=64522"},"modified":"2020-07-30T16:02:20","modified_gmt":"2020-07-30T19:02:20","slug":"queremos-unas-fuerzas-armadas-integradas-a-la-sociedad","status":"publish","type":"post","link":"https:\/\/www.actualidadadiario.com\/index.php\/2020\/07\/22\/queremos-unas-fuerzas-armadas-integradas-a-la-sociedad\/","title":{"rendered":"&#8220;Queremos unas Fuerzas Armadas integradas a la sociedad&#8221;"},"content":{"rendered":"<p style=\"text-align: center;\"><em><strong>El Presidente destac\u00f3 la labor de 60 mil hombres y mujeres en la lucha contra el coronavirus, en el marco de la denominada operaci\u00f3n Manuel Belgrano. &#8220;Esto habla de las Fuerzas Armadas que nosotros queremos&#8221;, afirm\u00f3. Anunci\u00f3 que pasan a ser remunerativos los suplementos que cobran los militares<\/strong><\/em><\/p>\n<p>&nbsp;<\/p>\n<p>&nbsp;<\/p>\n<p>El presidente Alberto Fern\u00e1ndez agradeci\u00f3 a las Fuerzas Armadas por \u201cponer todo el esfuerzo para preservar la vida de los argentinos\u201d en medio de la pandemia de coronavirus y por haber \u201ctrabajado junto a movimientos sociales\u201d en las tareas de ayuda. \u201cNo estuvieron ausentes cuando la Argentina los necesit\u00f3. El mejor reconocimiento para un militar es estar presentes cuando los argentinos lo necesitan. Esa es la tarea\u201d, puntualiz\u00f3 el jefe de Estado.<\/p>\n<p>El agradecimiento fue expresado durante el Encuentro de Camarader\u00eda con la c\u00fapula de las tres fuerzas, que el mandatario encabez\u00f3 en el Edificio Libertador. All\u00ed dej\u00f3 un mensaje claro: \u201cQueremos unas Fuerzas Armadas integradas a la sociedad y preparadas en la institucionalidad y el respeto a los derechos humanos\u201d, defini\u00f3 el mandatario.<\/p>\n<p>Durante su discurso, destac\u00f3 el despliegue de m\u00e1s de \u201c60 mil hombres y mujeres en m\u00e1s de 8500 tareas cumplidas al pie de la letra\u201d para poner en marcha el dispositivo de refuerzo del sistema sanitario en todo el pa\u00eds. \u201cNo saben cu\u00e1nto ayudaron\u201d, \u201cse ganaron el reconocimiento de todos y cada uno de los argentinos\u201d, puntualiz\u00f3 Fern\u00e1ndez.<\/p>\n<p>Adem\u00e1s, anunci\u00f3 el inminente desembolso de fondos para \u201creequipar\u201d a las tres fuerzas, anunci\u00f3 el \u201cblanqueo\u201d de parte del salario que el personal militar cobraba hist\u00f3ricamente \u201cen negro\u201d y los inst\u00f3 a \u201cocuparse, antes que nada, por los (ciudadanos) que est\u00e1n m\u00e1s abajo, hundidos en el pozo de la pobreza\u201d.<\/p>\n<p>Al inicio del encuentro, Alberto Fern\u00e1ndez record\u00f3 a las v\u00edctimas de la Guerra de Malvinas y a los 44 tripulantes del submarino ARA San Juan \u201clamentablemente perdidos\u201d durante una exploraci\u00f3n en el Mar Argentino. \u201cEllos son los testimonios m\u00e1s cercanos de lo que los hombres de las Fuerzas Armadas hicieron para preservar la soberan\u00eda del pa\u00eds\u201d, resalt\u00f3.<\/p>\n<p>&nbsp;<\/p>\n<p><strong>&#8220;Fue grato verlos montar hospitales de campa\u00f1a y ver que se iban rodeados de aplausos&#8221; <\/strong><\/p>\n<p>El Presidente agradeci\u00f3 las operaciones que las tres fuerzas pusieron en marcha en el marco de la pandemia y les agradeci\u00f3 la \u201codisea de haber enfrentado algo \u00fanico en la historia\u201d del pa\u00eds. \u201cUstedes las llaman \u2018Operaciones secundarias o subsidiarias\u2019 pero fueron operaciones primordiales para que la Argentina se ponga de pie y siga trabajando para que el desarrollo llegue lo antes posible. Hicieron mucho. Se unieron a movimientos sociales para distribuir comidas y alimentos, pusieron a sus mejores m\u00e9dicos\u201d, resalt\u00f3.<\/p>\n<p>\u201cLo han hecho claramente bien. Todo lo que les pedimos que hicieran, lo hicieron\u201d y \u201cme fue grato verlos montar hospitales de campa\u00f1a y ver que se iban rodeados del aplauso de los argentinos\u201d, expres\u00f3 el Presidente, que tambi\u00e9n dej\u00f3 clara su voluntad de \u201cescuchar todos los consejos porque estoy abierto a hacerlo, y porque todas opiniones me fortalecen y aclaran los criterios\u201d.<\/p>\n<p>Por \u00faltimo, el Presidente sostuvo que en medio del combate contra la pandemia \u201cnecesito de la ayuda de todos y todos de cada uno\u201d y los inst\u00f3 a \u201casumir el compromiso de hacerlo porque somos la generaci\u00f3n que estamos al frente\u201d del pa\u00eds.<\/p>\n<p>&nbsp;<\/p>\n<p><strong>Pol\u00edtica de Defensa<\/strong><\/p>\n<p>Por otra parte, Fern\u00e1ndez anunci\u00f3 que \u201cse iniciar\u00e1 una pol\u00edtica de Defensa que se ha paralizado en estos \u00faltimos a\u00f1os\u201d y en ese sentido anunci\u00f3 que el gobierno \u201cest\u00e1 trabajando para ver de qu\u00e9 manera dotamos a las Fuerzas Armadas de lo que hace falta para defender la soberan\u00eda\u201d.<\/p>\n<p>&nbsp;<\/p>\n<p><strong>Regularizaci\u00f3n de los salarios militares<\/strong><\/p>\n<p>El jefe de Estado anunci\u00f3 tambi\u00e9n que a partir del 1 de octubre se regularizar\u00e1 la parte del salario que los militares cobraban en negro. \u201cEn todos estos a\u00f1os no fueron bien tratadas en t\u00e9rminos salariales\u201d, dijo. Cobraban \u201csuplementos no remunerativos que han desquiciado el funcionamiento\u201d del presupuesto.<\/p>\n<p>Por eso, \u201chemos dispuesto que la totalidad de esos suplementos no remunerativos pasan a ser remunerativos\u201d, confirm\u00f3 y sostuvo que \u201cesto va a ponerle fin a las inequidades y desigualdades\u201d en los ingresos.<\/p>\n<p>&nbsp;<\/p>\n<p><strong>Sin cena de Camarader\u00eda por el coronavirus<\/strong><\/p>\n<p>El encuentro en la sede del Ej\u00e9rcito se realiz\u00f3 en reemplazo de la tradicional cena de Camarader\u00eda, que este a\u00f1o debi\u00f3 ser modificada por motivo de las medidas y protocolos para enfrentar la pandemia de coronavirus.<\/p>\n<p>Fern\u00e1ndez estuvo acompa\u00f1ado por el ministro de Defensa, Agust\u00edn Rossi; los jefes del Estado Mayor Conjunto, general de brigada Juan Mart\u00edn Paleo; del Estado Mayor de la Fuerza A\u00e9rea, brigadier Xavier Isaac; del Ej\u00e9rcito general de brigada Agust\u00edn Ceja, y de la Armada Argentina, contraalmirante, Julio Guardia.<\/p>\n","protected":false},"excerpt":{"rendered":"<p>El Presidente destac\u00f3 la labor de 60 mil hombres y mujeres en la lucha contra el coronavirus, en el marco de la denominada operaci\u00f3n Manuel Belgrano. &#8220;Esto habla de las Fuerzas Armadas que nosotros queremos&#8221;, afirm\u00f3. Anunci\u00f3 que pasan a ser remunerativos los suplementos que cobran los militares &nbsp; &nbsp; El presidente Alberto Fern\u00e1ndez agradeci\u00f3 a las Fuerzas Armadas por \u201cponer todo el esfuerzo para preservar la vida de los argentinos\u201d en medio de la pandemia de coronavirus y por haber \u201ctrabajado junto a movimientos sociales\u201d en las tareas de&#8230;<\/p>\n","protected":false},"author":3,"featured_media":64523,"comment_status":"closed","ping_status":"closed","sticky":false,"template":"","format":"standard","meta":[],"categories":[18],"tags":[],"_links":{"self":[{"href":"https:\/\/www.actualidadadiario.com\/index.php\/wp-json\/wp\/v2\/posts\/64522"}],"collection":[{"href":"https:\/\/www.actualidadadiario.com\/index.php\/wp-json\/wp\/v2\/posts"}],"about":[{"href":"https:\/\/www.actualidadadiario.com\/index.php\/wp-json\/wp\/v2\/types\/post"}],"author":[{"embeddable":true,"href":"https:\/\/www.actualidadadiario.com\/index.php\/wp-json\/wp\/v2\/users\/3"}],"replies":[{"embeddable":true,"href":"https:\/\/www.actualidadadiario.com\/index.php\/wp-json\/wp\/v2\/comments?post=64522"}],"version-history":[{"count":1,"href":"https:\/\/www.actualidadadiario.com\/index.php\/wp-json\/wp\/v2\/posts\/64522\/revisions"}],"predecessor-version":[{"id":64524,"href":"https:\/\/www.actualidadadiario.com\/index.php\/wp-json\/wp\/v2\/posts\/64522\/revisions\/64524"}],"wp:featuredmedia":[{"embeddable":true,"href":"https:\/\/www.actualidadadiario.com\/index.php\/wp-json\/wp\/v2\/media\/64523"}],"wp:attachment":[{"href":"https:\/\/www.actualidadadiario.com\/index.php\/wp-json\/wp\/v2\/media?parent=64522"}],"wp:term":[{"taxonomy":"category","embeddable":true,"href":"https:\/\/www.actualidadadiario.com\/index.php\/wp-json\/wp\/v2\/categories?post=64522"},{"taxonomy":"post_tag","embeddable":true,"href":"https:\/\/www.actualidadadiario.com\/index.php\/wp-json\/wp\/v2\/tags?post=64522"}],"curies":[{"name":"wp","href":"https:\/\/api.w.org\/{rel}","templated":true}]}}