{"id":64517,"date":"2020-07-22T13:44:47","date_gmt":"2020-07-22T16:44:47","guid":{"rendered":"https:\/\/www.actualidadadiario.com\/?p=64517"},"modified":"2020-07-30T16:02:20","modified_gmt":"2020-07-30T19:02:20","slug":"claudio-lozano-advirtio-que-vicentin-puede-terminar-en-manos-extranjeras","status":"publish","type":"post","link":"https:\/\/www.actualidadadiario.com\/index.php\/2020\/07\/22\/claudio-lozano-advirtio-que-vicentin-puede-terminar-en-manos-extranjeras\/","title":{"rendered":"Claudio Lozano advirti\u00f3 que Vicentin puede terminar en manos extranjeras"},"content":{"rendered":"<p style=\"text-align: center;\"><em><strong>El director del Banco Naci\u00f3n indic\u00f3 que en el nuevo plan de rescate entre la provincia de Santa Fe y Vicentin &#8220;no queda claro cu\u00e1nto va a poner el Estado, pero queda claro que no va a tener el control&#8221; y que no evita la extranjerizaci\u00f3n<\/strong><\/em><\/p>\n<p>&nbsp;<\/p>\n<p>&nbsp;<\/p>\n<p>El director del Banco Naci\u00f3n, Claudio Lozano, advirti\u00f3 que el nuevo plan en estudio para Vicentin no evita la extranjerizaci\u00f3n y que de esta forma la empresa cerealera podr\u00eda quedar en manos for\u00e1neas.<\/p>\n<p>El economista explic\u00f3 las diferencias entre la primera propuesta anunciada por el presidente Alberto Fern\u00e1ndez y la que se encuentra ahora en an\u00e1lisis junto entre el gobierno de Santa Fe y la firma radicada en la localidad de Avellaneda.<\/p>\n<p>Lozano indic\u00f3 que desde el Gobierno nacional se \u201chab\u00eda identificado que era un grupo empresario que iba a la quiebra, afectaba el comercio exterior de granos, hab\u00eda una amenaza de extranjerizaci\u00f3n, en un contexto donde estaba claro sobre la mesa la estafa sobre los trabajadores, la banca p\u00fablica y sobre miles de productores\u201d.<\/p>\n<p>En este sentido, sostuvo que la estrategia acercada por el gobernador de Santa Fe, Omar Perotti, \u201csupone otro esquema, que implicaba una intervenci\u00f3n en el marco del concurso, y tampoco fue aceptado por el juez\u201d.<\/p>\n<p>\u201cHoy, la conversaci\u00f3n entre la provincia y Vicentin, cuyos due\u00f1os siguen al frente de manera ins\u00f3lita, tiene un acuerdo de un fideicomiso para que acreedores e inversionistas puedan tomar control sobre la empresa\u201d, explic\u00f3 en di\u00e1logo con Radio con Vos y advirti\u00f3 que \u201cen este esquema ya no hablamos de evitar la extranjerizaci\u00f3n\u201d.<\/p>\n<p>\u201cPasamos de una propuesta de expropiaci\u00f3n a un rescate empresarial, donde no queda claro cu\u00e1nto va a poner el Estado, pero queda claro que no va a tener el control de la empresa el Estado&#8221;, cerr\u00f3 Claudio Lozano.<\/p>\n","protected":false},"excerpt":{"rendered":"<p>El director del Banco Naci\u00f3n indic\u00f3 que en el nuevo plan de rescate entre la provincia de Santa Fe y Vicentin &#8220;no queda claro cu\u00e1nto va a poner el Estado, pero queda claro que no va a tener el control&#8221; y que no evita la extranjerizaci\u00f3n &nbsp; &nbsp; El director del Banco Naci\u00f3n, Claudio Lozano, advirti\u00f3 que el nuevo plan en estudio para Vicentin no evita la extranjerizaci\u00f3n y que de esta forma la empresa cerealera podr\u00eda quedar en manos for\u00e1neas. El economista explic\u00f3 las diferencias entre la primera propuesta&#8230;<\/p>\n","protected":false},"author":3,"featured_media":64518,"comment_status":"closed","ping_status":"closed","sticky":false,"template":"","format":"standard","meta":[],"categories":[18],"tags":[],"_links":{"self":[{"href":"https:\/\/www.actualidadadiario.com\/index.php\/wp-json\/wp\/v2\/posts\/64517"}],"collection":[{"href":"https:\/\/www.actualidadadiario.com\/index.php\/wp-json\/wp\/v2\/posts"}],"about":[{"href":"https:\/\/www.actualidadadiario.com\/index.php\/wp-json\/wp\/v2\/types\/post"}],"author":[{"embeddable":true,"href":"https:\/\/www.actualidadadiario.com\/index.php\/wp-json\/wp\/v2\/users\/3"}],"replies":[{"embeddable":true,"href":"https:\/\/www.actualidadadiario.com\/index.php\/wp-json\/wp\/v2\/comments?post=64517"}],"version-history":[{"count":1,"href":"https:\/\/www.actualidadadiario.com\/index.php\/wp-json\/wp\/v2\/posts\/64517\/revisions"}],"predecessor-version":[{"id":64519,"href":"https:\/\/www.actualidadadiario.com\/index.php\/wp-json\/wp\/v2\/posts\/64517\/revisions\/64519"}],"wp:featuredmedia":[{"embeddable":true,"href":"https:\/\/www.actualidadadiario.com\/index.php\/wp-json\/wp\/v2\/media\/64518"}],"wp:attachment":[{"href":"https:\/\/www.actualidadadiario.com\/index.php\/wp-json\/wp\/v2\/media?parent=64517"}],"wp:term":[{"taxonomy":"category","embeddable":true,"href":"https:\/\/www.actualidadadiario.com\/index.php\/wp-json\/wp\/v2\/categories?post=64517"},{"taxonomy":"post_tag","embeddable":true,"href":"https:\/\/www.actualidadadiario.com\/index.php\/wp-json\/wp\/v2\/tags?post=64517"}],"curies":[{"name":"wp","href":"https:\/\/api.w.org\/{rel}","templated":true}]}}