{"id":64511,"date":"2020-07-22T13:43:02","date_gmt":"2020-07-22T16:43:02","guid":{"rendered":"https:\/\/www.actualidadadiario.com\/?p=64511"},"modified":"2020-07-30T16:02:20","modified_gmt":"2020-07-30T19:02:20","slug":"mahiques-admite-que-los-traslados-de-jueces-de-macri-deben-pasar-por-el-senado","status":"publish","type":"post","link":"https:\/\/www.actualidadadiario.com\/index.php\/2020\/07\/22\/mahiques-admite-que-los-traslados-de-jueces-de-macri-deben-pasar-por-el-senado\/","title":{"rendered":"Mahiques admite que los traslados de jueces de Macri deben pasar por el Senado"},"content":{"rendered":"<p style=\"text-align: center;\"><em><strong>El ex ministro de Vidal que fue ascendido a camarista durante el macrismo coincidi\u00f3 en su an\u00e1lisis con el planteo del kirchnerismo de regularizar los traslados<\/strong><\/em><\/p>\n<p>&nbsp;<\/p>\n<p>&nbsp;<\/p>\n<p>El camarista Carlos Mahiques admiti\u00f3 que los traslados de jueces durante el gobierno de Mauricio Macri que denuncia el kirchnerismo deben pasar por el Senado.<\/p>\n<p>Mahiques, ex ministro de Justicia de Mar\u00eda Eugenia Vidal y ascendido a camarista durante el gobierno de Macri, coincidi\u00f3 con la postura del oficialismo en el Consejo de la Magistratura.<\/p>\n<p>El organismo encargado de remover jueces denunci\u00f3 que durante el gobierno de Macri se designaron jueces de manera ilegal y sin acuerdo del Senado pese a las advertencias de la Corte Suprema.<\/p>\n<p>En di\u00e1logo con Cenital, Mahiques asegur\u00f3 que &#8220;los traslados deber\u00edan cumplir con las reglamentaciones del Consejo de la Magistratura y obtener el acuerdo del Senado&#8221;.<\/p>\n<p>El propio Mahiques fue trasladado a la C\u00e1mara Federal de Casaci\u00f3n Penal a mediados de 2017 por pedido del Consejo de la Magistratura, en ese entonces con mayor\u00eda macrista. A diferencia de 38 jueces que detect\u00f3 el kirchnerismo, Mahiques s\u00ed tuvo el acuerdo del Senado como establece el art\u00edculo 99 de la Constituci\u00f3n.<\/p>\n<p>El kirchnerismo pide revisar esos traslados. El Consejo no tiene la posibilidad de anular los traslados pero los va a analizar en la Comisi\u00f3n de Selecci\u00f3n. El presidente de la Magistratura, Alberto Lugones explic\u00f3 que &#8220;se podr\u00eda manifestar al Poder Ejecutivo que el Consejo entiende que estar\u00eda faltando el acuerdo del Senado&#8221;.<\/p>\n<p>&#8220;La otra cosa que podr\u00eda hacerse es elevar una consulta a la Corte, para ver si reitera lo que dijo en una acordada en 2018, cuando manifest\u00f3 que no pod\u00edan considerarse jueces efectivos lo que no ten\u00edan acuerdo del Senado&#8221;, dijo Lugones a Radio 10.<\/p>\n","protected":false},"excerpt":{"rendered":"<p>El ex ministro de Vidal que fue ascendido a camarista durante el macrismo coincidi\u00f3 en su an\u00e1lisis con el planteo del kirchnerismo de regularizar los traslados &nbsp; &nbsp; El camarista Carlos Mahiques admiti\u00f3 que los traslados de jueces durante el gobierno de Mauricio Macri que denuncia el kirchnerismo deben pasar por el Senado. Mahiques, ex ministro de Justicia de Mar\u00eda Eugenia Vidal y ascendido a camarista durante el gobierno de Macri, coincidi\u00f3 con la postura del oficialismo en el Consejo de la Magistratura. El organismo encargado de remover jueces denunci\u00f3&#8230;<\/p>\n","protected":false},"author":3,"featured_media":64512,"comment_status":"closed","ping_status":"closed","sticky":false,"template":"","format":"standard","meta":[],"categories":[18],"tags":[],"_links":{"self":[{"href":"https:\/\/www.actualidadadiario.com\/index.php\/wp-json\/wp\/v2\/posts\/64511"}],"collection":[{"href":"https:\/\/www.actualidadadiario.com\/index.php\/wp-json\/wp\/v2\/posts"}],"about":[{"href":"https:\/\/www.actualidadadiario.com\/index.php\/wp-json\/wp\/v2\/types\/post"}],"author":[{"embeddable":true,"href":"https:\/\/www.actualidadadiario.com\/index.php\/wp-json\/wp\/v2\/users\/3"}],"replies":[{"embeddable":true,"href":"https:\/\/www.actualidadadiario.com\/index.php\/wp-json\/wp\/v2\/comments?post=64511"}],"version-history":[{"count":1,"href":"https:\/\/www.actualidadadiario.com\/index.php\/wp-json\/wp\/v2\/posts\/64511\/revisions"}],"predecessor-version":[{"id":64513,"href":"https:\/\/www.actualidadadiario.com\/index.php\/wp-json\/wp\/v2\/posts\/64511\/revisions\/64513"}],"wp:featuredmedia":[{"embeddable":true,"href":"https:\/\/www.actualidadadiario.com\/index.php\/wp-json\/wp\/v2\/media\/64512"}],"wp:attachment":[{"href":"https:\/\/www.actualidadadiario.com\/index.php\/wp-json\/wp\/v2\/media?parent=64511"}],"wp:term":[{"taxonomy":"category","embeddable":true,"href":"https:\/\/www.actualidadadiario.com\/index.php\/wp-json\/wp\/v2\/categories?post=64511"},{"taxonomy":"post_tag","embeddable":true,"href":"https:\/\/www.actualidadadiario.com\/index.php\/wp-json\/wp\/v2\/tags?post=64511"}],"curies":[{"name":"wp","href":"https:\/\/api.w.org\/{rel}","templated":true}]}}