{"id":64509,"date":"2020-07-22T13:42:07","date_gmt":"2020-07-22T16:42:07","guid":{"rendered":"https:\/\/www.actualidadadiario.com\/?p=64509"},"modified":"2020-07-30T16:02:20","modified_gmt":"2020-07-30T19:02:20","slug":"quienes-son-los-millennials-peronistas-que-pichetto-busca-acercarle-a-macri","status":"publish","type":"post","link":"https:\/\/www.actualidadadiario.com\/index.php\/2020\/07\/22\/quienes-son-los-millennials-peronistas-que-pichetto-busca-acercarle-a-macri\/","title":{"rendered":"Qui\u00e9nes son los &#8220;millennials&#8221; peronistas que Pichetto busca acercarle a Macri"},"content":{"rendered":"<p style=\"text-align: center;\"><em><strong>El excandidato a vicepresidente intenta reforzar la &#8220;pata peronista&#8221; con viejos dirigentes que abrevaron en el menemismo<\/strong><\/em><\/p>\n<p>&nbsp;<\/p>\n<p>&nbsp;<\/p>\n<p>Miguel \u00c1ngel Pichetto organiza charlas virtuales con viejos conocidos, peronistas todos, con pasado menemista, con la intenci\u00f3n de sumar \u201ccompa\u00f1eros\u201d al espacio Juntos por el Cambio, para dotar de mayor fuerza a la \u201cpata peronista\u201d del conglomerado opositor.<\/p>\n<p>Lejos de la renovaci\u00f3n, los convocados al zoom peronista, son los veteranos Ram\u00f3n Puerta, Miguel \u00c1ngel Toma, Oscar Lamberto, Andr\u00e9s Cisneros, Humberto Roggero y Jorge Yoma, como algunos de los exponentes m\u00e1s conocidos del pasado menemista.<\/p>\n<p>\u201cSon espacios de intercambio y reflexi\u00f3n sobre el pasado y el futuro, dentro de un peronismo republicano. La idea es ir avanzando desde all\u00ed\u201d, afirm\u00f3 Pichetto en di\u00e1logo con La Naci\u00f3n.<\/p>\n<p>A las charlas, estuvieron invitados el exministro de Econom\u00eda de Eduardo Duhalde Jorge Remes Lenicov, el exsecretario de Inteligencia Juan Bautista Yofre y el exintendente porte\u00f1o Carlos Grosso, que volvi\u00f3 d\u00edas atr\u00e1s a hablar con Mauricio Macri luego de varios meses, tal como revela La Naci\u00f3n.<\/p>\n<p>Estos dirigentes se suman de manera informal al grupo que Pichetto ya construy\u00f3 con el partido UNIR, del diputado Alberto Asseff, y sus conversaciones con antiguas estructuras, como el partido Uni\u00f3n Popular y el Conservador Popular, fundado por el exvice de H\u00e9ctor C\u00e1mpora, Vicente Solano Lima.<\/p>\n<p>Como compa\u00f1ero de f\u00f3rmula de Mauricio Macri, el a\u00f1o pasado Pichetto prometi\u00f3 sumar gran cantidad de peronistas al armado, algo que qued\u00f3 en algunos nombres que se sumaron pero de poco peso espec\u00edfico.<\/p>\n","protected":false},"excerpt":{"rendered":"<p>El excandidato a vicepresidente intenta reforzar la &#8220;pata peronista&#8221; con viejos dirigentes que abrevaron en el menemismo &nbsp; &nbsp; Miguel \u00c1ngel Pichetto organiza charlas virtuales con viejos conocidos, peronistas todos, con pasado menemista, con la intenci\u00f3n de sumar \u201ccompa\u00f1eros\u201d al espacio Juntos por el Cambio, para dotar de mayor fuerza a la \u201cpata peronista\u201d del conglomerado opositor. Lejos de la renovaci\u00f3n, los convocados al zoom peronista, son los veteranos Ram\u00f3n Puerta, Miguel \u00c1ngel Toma, Oscar Lamberto, Andr\u00e9s Cisneros, Humberto Roggero y Jorge Yoma, como algunos de los exponentes m\u00e1s conocidos&#8230;<\/p>\n","protected":false},"author":3,"featured_media":57303,"comment_status":"closed","ping_status":"closed","sticky":false,"template":"","format":"standard","meta":[],"categories":[18],"tags":[],"_links":{"self":[{"href":"https:\/\/www.actualidadadiario.com\/index.php\/wp-json\/wp\/v2\/posts\/64509"}],"collection":[{"href":"https:\/\/www.actualidadadiario.com\/index.php\/wp-json\/wp\/v2\/posts"}],"about":[{"href":"https:\/\/www.actualidadadiario.com\/index.php\/wp-json\/wp\/v2\/types\/post"}],"author":[{"embeddable":true,"href":"https:\/\/www.actualidadadiario.com\/index.php\/wp-json\/wp\/v2\/users\/3"}],"replies":[{"embeddable":true,"href":"https:\/\/www.actualidadadiario.com\/index.php\/wp-json\/wp\/v2\/comments?post=64509"}],"version-history":[{"count":1,"href":"https:\/\/www.actualidadadiario.com\/index.php\/wp-json\/wp\/v2\/posts\/64509\/revisions"}],"predecessor-version":[{"id":64510,"href":"https:\/\/www.actualidadadiario.com\/index.php\/wp-json\/wp\/v2\/posts\/64509\/revisions\/64510"}],"wp:featuredmedia":[{"embeddable":true,"href":"https:\/\/www.actualidadadiario.com\/index.php\/wp-json\/wp\/v2\/media\/57303"}],"wp:attachment":[{"href":"https:\/\/www.actualidadadiario.com\/index.php\/wp-json\/wp\/v2\/media?parent=64509"}],"wp:term":[{"taxonomy":"category","embeddable":true,"href":"https:\/\/www.actualidadadiario.com\/index.php\/wp-json\/wp\/v2\/categories?post=64509"},{"taxonomy":"post_tag","embeddable":true,"href":"https:\/\/www.actualidadadiario.com\/index.php\/wp-json\/wp\/v2\/tags?post=64509"}],"curies":[{"name":"wp","href":"https:\/\/api.w.org\/{rel}","templated":true}]}}