{"id":64507,"date":"2020-07-22T13:41:19","date_gmt":"2020-07-22T16:41:19","guid":{"rendered":"https:\/\/www.actualidadadiario.com\/?p=64507"},"modified":"2020-07-30T16:02:20","modified_gmt":"2020-07-30T19:02:20","slug":"promocion-2020-no-implicara-acreditar-el-grado-completo","status":"publish","type":"post","link":"https:\/\/www.actualidadadiario.com\/index.php\/2020\/07\/22\/promocion-2020-no-implicara-acreditar-el-grado-completo\/","title":{"rendered":"&#8220;Promoci\u00f3n 2020 no implicar\u00e1 acreditar el grado completo&#8221;"},"content":{"rendered":"<p style=\"text-align: center;\"><em><strong>El ministro de Educaci\u00f3n nacional, Nicol\u00e1s Trotta, remarc\u00f3 que la promoci\u00f3n del alumnado en este ciclo lectivo 2020 incluir\u00e1 s\u00f3lo los saberes que se pudieron garantizar bajo la modalidad de clases adoptada frente al coroonavirus, y que est\u00e1 signada por la virtualidad<\/strong><\/em><\/p>\n<p>&nbsp;<\/p>\n<p>&nbsp;<\/p>\n<p>En esa l\u00ednea, remarc\u00f3 que \u201cel 2021 ser\u00e1 doblemente excepcional: por la pandemia, porque no sabemos cu\u00e1ndo vamos a tener una vacuna contra el coronavirus, pero tambi\u00e9n porque la promoci\u00f3n de este ciclo lectivo no implicar\u00e1 acreditar todo el grado, sino s\u00f3lo aquellos saberes que pudimos garantizar\u201d.<\/p>\n<p>\u201cHay un gran desaf\u00edo de reorganizaci\u00f3n de los ciclos lectivos a partir de la realidad que nos impone la pandemia, con la no certeza respecto de cu\u00e1ndo vamos a recuperar la normalidad en las aulas\u201d, dijo, e insisti\u00f3 en que la \u201cprincipal responsabilidad\u201d de su gesti\u00f3n se basa \u201ces cuidar la salud de la comunidad educativa\u201d.<\/p>\n<p>\u201cNo nos vamos a apurar en ninguna decisi\u00f3n hasta que no est\u00e9n garantizadas las condiciones epidemiol\u00f3gicas y las cuestiones operativas y edilicias de cada establecimiento\u201d, recalc\u00f3, en di\u00e1logo con El Destape Radio.<\/p>\n<p>En paralelo, Trotta anunci\u00f3 ayer los nombres de los integrantes que conformar\u00e1n el Consejo Nacional de Calidad de la Educaci\u00f3n. Una entidad que, desde su creaci\u00f3n en 2006, hab\u00eda sido convocado en una sola oportunidad y sin haberse aprobado una resoluci\u00f3n que reglamente su composici\u00f3n.<\/p>\n<p>El Consejo estar\u00e1 presidido por Axel Rivas y ser\u00e1 \u201cun \u00e1mbito de di\u00e1logo institucional y plural que se propone asesorar sobre la evaluaci\u00f3n y mejora de la calidad de la educaci\u00f3n y la equidad en la asignaci\u00f3n de recursos para lograr un dise\u00f1o de pol\u00edticas de Estado orientadas al mejoramiento de la calidad y la igualdad educativa a trav\u00e9s de diagn\u00f3sticos y propuestas\u201d, se\u00f1alaron desde el Palacio Sarmiento.<\/p>\n","protected":false},"excerpt":{"rendered":"<p>El ministro de Educaci\u00f3n nacional, Nicol\u00e1s Trotta, remarc\u00f3 que la promoci\u00f3n del alumnado en este ciclo lectivo 2020 incluir\u00e1 s\u00f3lo los saberes que se pudieron garantizar bajo la modalidad de clases adoptada frente al coroonavirus, y que est\u00e1 signada por la virtualidad &nbsp; &nbsp; En esa l\u00ednea, remarc\u00f3 que \u201cel 2021 ser\u00e1 doblemente excepcional: por la pandemia, porque no sabemos cu\u00e1ndo vamos a tener una vacuna contra el coronavirus, pero tambi\u00e9n porque la promoci\u00f3n de este ciclo lectivo no implicar\u00e1 acreditar todo el grado, sino s\u00f3lo aquellos saberes que pudimos&#8230;<\/p>\n","protected":false},"author":3,"featured_media":59897,"comment_status":"closed","ping_status":"closed","sticky":false,"template":"","format":"standard","meta":[],"categories":[2],"tags":[],"_links":{"self":[{"href":"https:\/\/www.actualidadadiario.com\/index.php\/wp-json\/wp\/v2\/posts\/64507"}],"collection":[{"href":"https:\/\/www.actualidadadiario.com\/index.php\/wp-json\/wp\/v2\/posts"}],"about":[{"href":"https:\/\/www.actualidadadiario.com\/index.php\/wp-json\/wp\/v2\/types\/post"}],"author":[{"embeddable":true,"href":"https:\/\/www.actualidadadiario.com\/index.php\/wp-json\/wp\/v2\/users\/3"}],"replies":[{"embeddable":true,"href":"https:\/\/www.actualidadadiario.com\/index.php\/wp-json\/wp\/v2\/comments?post=64507"}],"version-history":[{"count":1,"href":"https:\/\/www.actualidadadiario.com\/index.php\/wp-json\/wp\/v2\/posts\/64507\/revisions"}],"predecessor-version":[{"id":64508,"href":"https:\/\/www.actualidadadiario.com\/index.php\/wp-json\/wp\/v2\/posts\/64507\/revisions\/64508"}],"wp:featuredmedia":[{"embeddable":true,"href":"https:\/\/www.actualidadadiario.com\/index.php\/wp-json\/wp\/v2\/media\/59897"}],"wp:attachment":[{"href":"https:\/\/www.actualidadadiario.com\/index.php\/wp-json\/wp\/v2\/media?parent=64507"}],"wp:term":[{"taxonomy":"category","embeddable":true,"href":"https:\/\/www.actualidadadiario.com\/index.php\/wp-json\/wp\/v2\/categories?post=64507"},{"taxonomy":"post_tag","embeddable":true,"href":"https:\/\/www.actualidadadiario.com\/index.php\/wp-json\/wp\/v2\/tags?post=64507"}],"curies":[{"name":"wp","href":"https:\/\/api.w.org\/{rel}","templated":true}]}}