{"id":64505,"date":"2020-07-22T13:40:29","date_gmt":"2020-07-22T16:40:29","guid":{"rendered":"https:\/\/www.actualidadadiario.com\/?p=64505"},"modified":"2020-07-30T16:02:20","modified_gmt":"2020-07-30T19:02:20","slug":"el-ministerio-de-salud-pidio-empatia-y-solidaridad-la-pandemia-no-paso","status":"publish","type":"post","link":"https:\/\/www.actualidadadiario.com\/index.php\/2020\/07\/22\/el-ministerio-de-salud-pidio-empatia-y-solidaridad-la-pandemia-no-paso\/","title":{"rendered":"El Ministerio de Salud pidi\u00f3 &#8220;empat\u00eda y solidaridad&#8221;: &#8220;La pandemia no pas\u00f3&#8221;"},"content":{"rendered":"<p style=\"text-align: center;\"><em><strong>Ante la apertura progresiva del aislamiento, Carla Vizzotti remarc\u00f3 que a\u00fan &#8220;hay mucho por hacer&#8221; y advirti\u00f3 que los cuidados para prevenir el coronavirus &#8220;los vamos a tener por un tiempo largo&#8221;<\/strong><\/em><\/p>\n<p>&nbsp;<\/p>\n<p>&nbsp;<\/p>\n<p>&nbsp;<\/p>\n<p>La cuarentena por el coronavirus en Argentina pas\u00f3 desde este lunes a una etapa de mayor apertura en el marco de una situaci\u00f3n epidemiol\u00f3gica din\u00e1mica, que es distinta en cada regi\u00f3n. En este marco, el Ministerio de Salud remarc\u00f3 que &#8220;la pandemia no pas\u00f3&#8221; y pidi\u00f3 &#8220;empat\u00eda y solidaridad&#8221; a la poblaci\u00f3n, ya que a\u00fan &#8220;hay mucho por hacer&#8221; antes de relajar las medidas de prevenci\u00f3n, las cuales habr\u00e1 que mantener &#8220;por un tiempo largo&#8221;<\/p>\n<p>La secretaria de Acceso a la Salud, Carla Vizzotti, dio un mensaje &#8220;para quienes piensan que esto ya pas\u00f3 y que podemos tener una vida como la que ten\u00edamos el 19 de marzo&#8221;: &#8220;La pandemia no pas\u00f3; no pas\u00f3 en el AMBA, no pas\u00f3 en la Argentina, no pas\u00f3 en el mundo&#8221;, enfatiz\u00f3.<\/p>\n<p>&#8220;Estamos d\u00eda a d\u00eda transitando una situaci\u00f3n in\u00e9dita, en la cual cada vez es m\u00e1s importante cumplir las recomendaciones, que los estados nacionales, provinciales y municipales tomen medidas, trabajen en conjunto, y que la poblaci\u00f3n entienda el rol y la responsabilidad que tiene&#8221;, describi\u00f3 la funcionaria.<\/p>\n<p>Al respecto, agreg\u00f3 para &#8220;quienes piensen que ya tampoco hay mucho por hacer&#8221; que &#8220;s\u00ed, hay mucho por hacer&#8221; porque &#8220;estamos en un momento importante&#8221;.<\/p>\n<p>&#8220;Tenemos una de las tasas de letalidad m\u00e1s bajas de la regi\u00f3n, no hemos tenido los picos que tuvieron otros pa\u00edses que han desbordado sus sistemas de salud. Nuestro sistema de salud est\u00e1 pudiendo dar respuesta, y lo mucho que hay para hacer es seguir trabajando para que nuestro sistema de salud siga dando respuesta y podamos seguir sosteniendo la tasa de letalidad baja. Eso se llama solidaridad&#8221;, record\u00f3 Vizzotti.<\/p>\n<p>Por eso, pidi\u00f3 que &#8220;quienes estamos realizando actividades autorizadas tengamos el m\u00e1ximo cuidado no solamente para no infectarnos, sino para no transmit\u00edrselo a alguien que pueda tener complicaciones&#8221;, en lo que describi\u00f3 como una &#8220;solidaridad intergeneracional&#8221;.<\/p>\n<p>&#8220;Tenemos que tener empat\u00eda con quien est\u00e1 en aislamiento, con quien tiene la infecci\u00f3n, no culpabilizar a quien se infecta. Tenemos que tener constancia. El mundo avanza en dar un paso y ver c\u00f3mo funciona. Tenemos que adaptarnos a tener cuidados que antes no ten\u00edamos, que tenemos que tener, y que los vamos a tener por un tiempo largo. Esto no pas\u00f3 y hay mucho por hacer&#8221;, subray\u00f3.<\/p>\n<p>Los casos de coronavirus en Argentina alcanzan un total de 136.118, de los cuales 2.506 son personas que fallecieron y 60.531 se recuperaron, por lo que 73.081 tienen la infecci\u00f3n en curso.<\/p>\n<p>Hay 890 pacientes con Covid-19 confirmado internados en terapia intensiva, n\u00famero que contin\u00faa en aumento. De ellos, el 89% se encuentra en el \u00c1rea Metropolitana de Buenos Aires (AMBA), en donde el 65,4% de las camas de cuidados cr\u00edticos de est\u00e1n ocupadas por cualquier causa, indicador que tambi\u00e9n sigue en suba.<\/p>\n<p>La mayor tensi\u00f3n en cuanto a internaciones se vive en la Ciudad de Buenos Aires, en particular en el sector privado. Mientras tanto, el porcentaje de ocupaci\u00f3n de las camas de terapia es de 55% a nivel nacional.<\/p>\n<p>S\u00f3lo 1,8% de las personas enfermas con Covid murieron, dato que se mantiene estable desde hace varios d\u00edas, y casi el 45% de quienes tuvieron la infecci\u00f3n recibieron el alta.<\/p>\n<p>La Argentina se encuentra en una situaci\u00f3n epidemiol\u00f3gica din\u00e1mica y diversa, en la que algunos distritos pocos o ning\u00fan caso, mientras que en otros comienza a haber una &#8220;circulaci\u00f3n comunitaria extendida&#8221;, como en Jujuy, indic\u00f3 Vizzotti.<\/p>\n<p>Tambi\u00e9n hay lugares &#8220;que han tenido brotes y los han podido controlar, como la ciudad de Rosario o la provincia de C\u00f3rdoba, que nuevamente est\u00e1n presentado casos&#8221;, y las provincias de Neuqu\u00e9n y R\u00edo Negro, &#8220;que si bien todav\u00eda tienen en algunos departamentos circulaci\u00f3n comunitaria, han logrado estabilizar los casos&#8221;.<\/p>\n<p>Mientras tanto, la Ciudad de Buenos Aires y los 35 municipios que componen el conurbano bonaerense siguen con &#8220;una transmisi\u00f3n comunitaria intensa&#8221;.<\/p>\n","protected":false},"excerpt":{"rendered":"<p>Ante la apertura progresiva del aislamiento, Carla Vizzotti remarc\u00f3 que a\u00fan &#8220;hay mucho por hacer&#8221; y advirti\u00f3 que los cuidados para prevenir el coronavirus &#8220;los vamos a tener por un tiempo largo&#8221; &nbsp; &nbsp; &nbsp; La cuarentena por el coronavirus en Argentina pas\u00f3 desde este lunes a una etapa de mayor apertura en el marco de una situaci\u00f3n epidemiol\u00f3gica din\u00e1mica, que es distinta en cada regi\u00f3n. En este marco, el Ministerio de Salud remarc\u00f3 que &#8220;la pandemia no pas\u00f3&#8221; y pidi\u00f3 &#8220;empat\u00eda y solidaridad&#8221; a la poblaci\u00f3n, ya que a\u00fan&#8230;<\/p>\n","protected":false},"author":3,"featured_media":61176,"comment_status":"closed","ping_status":"closed","sticky":false,"template":"","format":"standard","meta":[],"categories":[2],"tags":[],"_links":{"self":[{"href":"https:\/\/www.actualidadadiario.com\/index.php\/wp-json\/wp\/v2\/posts\/64505"}],"collection":[{"href":"https:\/\/www.actualidadadiario.com\/index.php\/wp-json\/wp\/v2\/posts"}],"about":[{"href":"https:\/\/www.actualidadadiario.com\/index.php\/wp-json\/wp\/v2\/types\/post"}],"author":[{"embeddable":true,"href":"https:\/\/www.actualidadadiario.com\/index.php\/wp-json\/wp\/v2\/users\/3"}],"replies":[{"embeddable":true,"href":"https:\/\/www.actualidadadiario.com\/index.php\/wp-json\/wp\/v2\/comments?post=64505"}],"version-history":[{"count":1,"href":"https:\/\/www.actualidadadiario.com\/index.php\/wp-json\/wp\/v2\/posts\/64505\/revisions"}],"predecessor-version":[{"id":64506,"href":"https:\/\/www.actualidadadiario.com\/index.php\/wp-json\/wp\/v2\/posts\/64505\/revisions\/64506"}],"wp:featuredmedia":[{"embeddable":true,"href":"https:\/\/www.actualidadadiario.com\/index.php\/wp-json\/wp\/v2\/media\/61176"}],"wp:attachment":[{"href":"https:\/\/www.actualidadadiario.com\/index.php\/wp-json\/wp\/v2\/media?parent=64505"}],"wp:term":[{"taxonomy":"category","embeddable":true,"href":"https:\/\/www.actualidadadiario.com\/index.php\/wp-json\/wp\/v2\/categories?post=64505"},{"taxonomy":"post_tag","embeddable":true,"href":"https:\/\/www.actualidadadiario.com\/index.php\/wp-json\/wp\/v2\/tags?post=64505"}],"curies":[{"name":"wp","href":"https:\/\/api.w.org\/{rel}","templated":true}]}}