{"id":64499,"date":"2020-07-22T13:38:42","date_gmt":"2020-07-22T16:38:42","guid":{"rendered":"https:\/\/www.actualidadadiario.com\/?p=64499"},"modified":"2020-07-30T16:02:21","modified_gmt":"2020-07-30T19:02:21","slug":"relanzan-el-programa-de-desarrollo-de-corredores-turisticos-y-crean-fondo-de-auxilio-para-el-sector","status":"publish","type":"post","link":"https:\/\/www.actualidadadiario.com\/index.php\/2020\/07\/22\/relanzan-el-programa-de-desarrollo-de-corredores-turisticos-y-crean-fondo-de-auxilio-para-el-sector\/","title":{"rendered":"Relanzan el programa de desarrollo de corredores tur\u00edsticos y crean fondo de auxilio para el sector"},"content":{"rendered":"<p style=\"text-align: center;\"><em><strong>Con financiaci\u00f3n del Banco Interamericano de Desarrollo, las partidas estar\u00e1n focalizadas en sustentar el parate en el rubro tur\u00edstico afectado por la pandemia de coronavirus<\/strong><\/em><\/p>\n<p>&nbsp;<\/p>\n<p>&nbsp;<\/p>\n<p>&nbsp;<\/p>\n<p>El Ministerio de Turismo y Deportes oficializ\u00f3 este mi\u00e9rcoles el relanzamiento del \u201cPrograma de Desarrollo de Corredores Tur\u00edsticos\u201d con un nuevo &#8220;Reglamento Operativo&#8221; aprobado por el Banco Interamericano de Desarrollo (BID).<\/p>\n<p>La financiaci\u00f3n consignada en 2012 por USD 80 millones y ejecutada a trav\u00e9s de la Direcci\u00f3n de Programas y Proyectos Sectoriales Especiales (DPYPSE), tiene como objetivo lograr incrementar el gasto tur\u00edstico, &#8220;mejorando el aprovechamiento tur\u00edstico espacial y temporal de APs (\u00c1reas Protegidas)&#8221; y sus destinos asociados, &#8220;mediante el apoyo a la estructuraci\u00f3n de productos tur\u00edsticos, fortalecimiento institucional y mejora de la gesti\u00f3n ambiental&#8221;.<\/p>\n<p>En tanto, la resoluci\u00f3n 294 publicada en el Bolet\u00edn Oficial adiciona la creaci\u00f3n del Fondo de Auxilio y Capacitaci\u00f3n Tur\u00edstica (FACT) &#8220;a fin de hacer frente a la situaci\u00f3n econ\u00f3mica y social Producida por el virus SARS-CoV-2- COVID19&#8221;. Entre las finalidades que se subrayan, este monto apuntar\u00e1 principalmente a &#8220;mantener el conjunto de prestadores tur\u00edsticos existentes en el subsector animaci\u00f3n tur\u00edstica&#8221;.<\/p>\n<p>&#8220;Entendi\u00e9ndose por animaci\u00f3n tur\u00edstica la serie de acciones realizadas por uno o varios individuos sobre un grupo de personas con dos objetivos, el primero es desarrollar la comunicaci\u00f3n, fomentar la vida social y la cultura en el seno de un establecimiento tur\u00edstico, creando un ambiente id\u00f3neo y duradero, y el segundo dinamizar y promover la econom\u00eda de la empresa&#8221;, detalla el texto oficial.<\/p>\n<p>La administraci\u00f3n de cada una de las partidas estar\u00e1 a cargo de la Administraci\u00f3n de Parques Nacionales (APN) a trav\u00e9s de su Unidad Coordinadora de Proyectos con Financiamiento Externo (UCEFE).<\/p>\n","protected":false},"excerpt":{"rendered":"<p>Con financiaci\u00f3n del Banco Interamericano de Desarrollo, las partidas estar\u00e1n focalizadas en sustentar el parate en el rubro tur\u00edstico afectado por la pandemia de coronavirus &nbsp; &nbsp; &nbsp; El Ministerio de Turismo y Deportes oficializ\u00f3 este mi\u00e9rcoles el relanzamiento del \u201cPrograma de Desarrollo de Corredores Tur\u00edsticos\u201d con un nuevo &#8220;Reglamento Operativo&#8221; aprobado por el Banco Interamericano de Desarrollo (BID). La financiaci\u00f3n consignada en 2012 por USD 80 millones y ejecutada a trav\u00e9s de la Direcci\u00f3n de Programas y Proyectos Sectoriales Especiales (DPYPSE), tiene como objetivo lograr incrementar el gasto tur\u00edstico,&#8230;<\/p>\n","protected":false},"author":3,"featured_media":64500,"comment_status":"closed","ping_status":"closed","sticky":false,"template":"","format":"standard","meta":[],"categories":[2],"tags":[],"_links":{"self":[{"href":"https:\/\/www.actualidadadiario.com\/index.php\/wp-json\/wp\/v2\/posts\/64499"}],"collection":[{"href":"https:\/\/www.actualidadadiario.com\/index.php\/wp-json\/wp\/v2\/posts"}],"about":[{"href":"https:\/\/www.actualidadadiario.com\/index.php\/wp-json\/wp\/v2\/types\/post"}],"author":[{"embeddable":true,"href":"https:\/\/www.actualidadadiario.com\/index.php\/wp-json\/wp\/v2\/users\/3"}],"replies":[{"embeddable":true,"href":"https:\/\/www.actualidadadiario.com\/index.php\/wp-json\/wp\/v2\/comments?post=64499"}],"version-history":[{"count":1,"href":"https:\/\/www.actualidadadiario.com\/index.php\/wp-json\/wp\/v2\/posts\/64499\/revisions"}],"predecessor-version":[{"id":64501,"href":"https:\/\/www.actualidadadiario.com\/index.php\/wp-json\/wp\/v2\/posts\/64499\/revisions\/64501"}],"wp:featuredmedia":[{"embeddable":true,"href":"https:\/\/www.actualidadadiario.com\/index.php\/wp-json\/wp\/v2\/media\/64500"}],"wp:attachment":[{"href":"https:\/\/www.actualidadadiario.com\/index.php\/wp-json\/wp\/v2\/media?parent=64499"}],"wp:term":[{"taxonomy":"category","embeddable":true,"href":"https:\/\/www.actualidadadiario.com\/index.php\/wp-json\/wp\/v2\/categories?post=64499"},{"taxonomy":"post_tag","embeddable":true,"href":"https:\/\/www.actualidadadiario.com\/index.php\/wp-json\/wp\/v2\/tags?post=64499"}],"curies":[{"name":"wp","href":"https:\/\/api.w.org\/{rel}","templated":true}]}}