{"id":64494,"date":"2020-07-22T13:36:54","date_gmt":"2020-07-22T16:36:54","guid":{"rendered":"https:\/\/www.actualidadadiario.com\/?p=64494"},"modified":"2020-07-30T16:02:21","modified_gmt":"2020-07-30T19:02:21","slug":"deudas-provinciales-canje-de-nacion-genera-incertidumbre","status":"publish","type":"post","link":"https:\/\/www.actualidadadiario.com\/index.php\/2020\/07\/22\/deudas-provinciales-canje-de-nacion-genera-incertidumbre\/","title":{"rendered":"Deudas provinciales: canje de Naci\u00f3n genera incertidumbre"},"content":{"rendered":"<p style=\"text-align: center;\"><em><strong>Ministros de Econom\u00eda locales esperan que &#8220;se aclare el panorama&#8221;. Dudas sobre ofertas a bonistas y por avances logrados. Mejor situaci\u00f3n en distritos con tenencia de t\u00edtulos atomizada<\/strong><\/em><\/p>\n<p>&nbsp;<\/p>\n<p>&nbsp;<\/p>\n<p>El contraataque de los tres grupos formales que representan a los tenedores de t\u00edtulos p\u00fablicos nacionales emitidos bajo legislaci\u00f3n internacional tambi\u00e9n llev\u00f3 la incertidumbre a las administraciones provinciales que encaran sus propios procesos de renegociaci\u00f3n.<\/p>\n<p>Buenos Aires, C\u00f3rdoba, Mendoza, Chubut, La Rioja, R\u00edo Negro y Tierra del Fuego avanzan en el di\u00e1logo para reestructurar vencimientos y miran de reojo lo que ocurre en el plano nacional. Y las novedades que impactan en territorio de Mart\u00edn Guzm\u00e1n tiene r\u00e9plicas: los gobiernos provinciales esperan que \u201caclare el panorama\u201d, como dijo un ministro de Econom\u00eda a este diario, y otros ven retroceder los avances que hab\u00edan logrado hasta el momento. Mientras, otras administraciones creen que el impacto ser\u00e1 menor, ya sea porque la atomizaci\u00f3n de las tenencias no tiene equivalencia con la concentraci\u00f3n de acreedores que enfrenta Naci\u00f3n, o bien porque buscan salidas diferentes, como puede ser el caso fueguino, donde Gustavo Melella apuesta a que fondos con inter\u00e9s de invertir en la provincia recompre la deuda de u$s200 millones a mejores condiciones que las pactadas por su antecesora Rosana Bertone.<\/p>\n<p>\u201cCon este escenario no sabemos qu\u00e9 negociar, porque menos que Naci\u00f3n no podemos ofrecer, y m\u00e1s no lo van a aceptar\u201d, mencionaron desde un distrito. Otro ministro de Econom\u00eda, ante la incertidumbre, confi\u00f3: \u201cPor lo pronto, implica que seguimos pagando&#8230; son s\u00f3lo intereses, pero d\u00f3lares al fin\u201d.<\/p>\n<p>La incertidumbre se torna en pesimismo en otra provincia. Desde la cartera econ\u00f3mica indicaron que el tironeo entre Guzm\u00e1n y los fondos los \u201cimpacta de lleno\u201d. \u201cTenemos pr\u00e1cticamente cerrada la renegociaci\u00f3n con gran parte de los tenedores&#8230; ahora no sabemos c\u00f3mo puede seguir\u201d.<\/p>\n<p>Otra administraci\u00f3n mencion\u00f3 que, por el movimiento del mercado secundario, buena parte de los t\u00edtulos ya no est\u00e1n en manos de los tenedores originales. \u201cHay mucha banca privada y minoristas, cuesta identificar, y conversamos con quienes asesoran a peque\u00f1os inversiones\u201d, dijeron y agregaron que por ahora \u201chay muy buena repercusi\u00f3n\u201d.<\/p>\n<p>En tanto, hubo novedades de tono p\u00fablico en las renegociaciones locales. Ayer, por caso, Mendoza prorrog\u00f3 el plazo para que acreedores acepten la \u00faltima oferta mejorada sin quita de capital. El vencimiento del 27 de julio se corri\u00f3 al 7 de agosto. Y, adem\u00e1s, el gobernador Rodolfo Suarez y su ministro de Hacienda Lisandro Nieri lograron ox\u00edgeno al alcanzar una refinanciaci\u00f3n de la deuda de $11.000 millones con el Banco Naci\u00f3n. Los seis meses de gracia le permitir\u00e1n a Suarez contar en este 2020 pand\u00e9mico con $1.800 adicionales, en un acuerdo en el que Mendoza destaca el rol del ministro del Interior, Eduardo de Pedro.<\/p>\n<p>Asimismo, La Rioja contrat\u00f3 al Bank of America para el asesoramiento en las conversaciones con sus bonistas, de cara al vencimiento de un nuevo cup\u00f3n de u$s 14 millones que vencer\u00e1 este viernes.<\/p>\n","protected":false},"excerpt":{"rendered":"<p>Ministros de Econom\u00eda locales esperan que &#8220;se aclare el panorama&#8221;. Dudas sobre ofertas a bonistas y por avances logrados. Mejor situaci\u00f3n en distritos con tenencia de t\u00edtulos atomizada &nbsp; &nbsp; El contraataque de los tres grupos formales que representan a los tenedores de t\u00edtulos p\u00fablicos nacionales emitidos bajo legislaci\u00f3n internacional tambi\u00e9n llev\u00f3 la incertidumbre a las administraciones provinciales que encaran sus propios procesos de renegociaci\u00f3n. Buenos Aires, C\u00f3rdoba, Mendoza, Chubut, La Rioja, R\u00edo Negro y Tierra del Fuego avanzan en el di\u00e1logo para reestructurar vencimientos y miran de reojo lo&#8230;<\/p>\n","protected":false},"author":3,"featured_media":13003,"comment_status":"closed","ping_status":"closed","sticky":false,"template":"","format":"standard","meta":[],"categories":[2],"tags":[],"_links":{"self":[{"href":"https:\/\/www.actualidadadiario.com\/index.php\/wp-json\/wp\/v2\/posts\/64494"}],"collection":[{"href":"https:\/\/www.actualidadadiario.com\/index.php\/wp-json\/wp\/v2\/posts"}],"about":[{"href":"https:\/\/www.actualidadadiario.com\/index.php\/wp-json\/wp\/v2\/types\/post"}],"author":[{"embeddable":true,"href":"https:\/\/www.actualidadadiario.com\/index.php\/wp-json\/wp\/v2\/users\/3"}],"replies":[{"embeddable":true,"href":"https:\/\/www.actualidadadiario.com\/index.php\/wp-json\/wp\/v2\/comments?post=64494"}],"version-history":[{"count":1,"href":"https:\/\/www.actualidadadiario.com\/index.php\/wp-json\/wp\/v2\/posts\/64494\/revisions"}],"predecessor-version":[{"id":64495,"href":"https:\/\/www.actualidadadiario.com\/index.php\/wp-json\/wp\/v2\/posts\/64494\/revisions\/64495"}],"wp:featuredmedia":[{"embeddable":true,"href":"https:\/\/www.actualidadadiario.com\/index.php\/wp-json\/wp\/v2\/media\/13003"}],"wp:attachment":[{"href":"https:\/\/www.actualidadadiario.com\/index.php\/wp-json\/wp\/v2\/media?parent=64494"}],"wp:term":[{"taxonomy":"category","embeddable":true,"href":"https:\/\/www.actualidadadiario.com\/index.php\/wp-json\/wp\/v2\/categories?post=64494"},{"taxonomy":"post_tag","embeddable":true,"href":"https:\/\/www.actualidadadiario.com\/index.php\/wp-json\/wp\/v2\/tags?post=64494"}],"curies":[{"name":"wp","href":"https:\/\/api.w.org\/{rel}","templated":true}]}}