{"id":64490,"date":"2020-07-22T13:19:28","date_gmt":"2020-07-22T16:19:28","guid":{"rendered":"https:\/\/www.actualidadadiario.com\/?p=64490"},"modified":"2020-07-30T16:02:30","modified_gmt":"2020-07-30T19:02:30","slug":"el-gobierno-avanza-en-un-plan-de-desarrollo-federal-con-los-gobernadores","status":"publish","type":"post","link":"https:\/\/www.actualidadadiario.com\/index.php\/2020\/07\/22\/el-gobierno-avanza-en-un-plan-de-desarrollo-federal-con-los-gobernadores\/","title":{"rendered":"El Gobierno avanza en un plan de desarrollo federal con los gobernadores"},"content":{"rendered":"<p style=\"text-align: center;\"><em><strong>Los ministros de Desarrollo Productivo, Mat\u00edas Kulfas; de Econom\u00eda, Mart\u00edn Guzm\u00e1n, y del Interior, Eduardo de Pedro, analizaron con los mandatarios las &#8220;prioridades e iniciativas de cada provincia para potenciar un desarrollo equilibrado de la Argentina&#8221;<\/strong><\/em><\/p>\n<p>&nbsp;<\/p>\n<p>&nbsp;<\/p>\n<p>El Gobierno nacional avanza en el desarrollo de un plan federal para fijar las prioridades e iniciativas con el fin de &#8220;potenciar un desarrollo equilibrado&#8221; del pa\u00eds, en cuyo marco esta semana se reuni\u00f3 con siete gobernadores.<\/p>\n<p>En ese camino, ayer, los ministros de Desarrollo Productivo, Mat\u00edas Kulfas; de Econom\u00eda, Mart\u00edn Guzm\u00e1n, y del Interior, Eduardo de Pedro, analizaron con los mandatarios las &#8220;prioridades e iniciativas de cada provincia para potenciar un desarrollo equilibrado de la Argentina&#8221;, seg\u00fan un comunicado difundido hoy por la cartera de Interior.<\/p>\n<p>La reuni\u00f3n se realiz\u00f3 por videoconferencia con los gobernadores de Entre R\u00edos, Gustavo Bordet; de Corrientes, Gustavo Vald\u00e9s; de San Luis, Alberto Rodr\u00edguez Sa\u00e1; y de Santa Fe, Omar Perotti, para conocer &#8220;en detalle los proyectos y necesidades de sus jurisdicciones, y as\u00ed comenzar a planificar iniciativas de est\u00edmulo al desarrollo territorial con equilibrio fiscal&#8221;, apunta el comunicado.<\/p>\n<p>Los encuentros se iniciaron el lunes con videoconferencias en Casa Rosada, en la que los tres ministros analizaron esos ejes con los mandatarios de Misiones, Oscar Herrera Ahuad; de Formosa, Gildo Insfr\u00e1n; y de Chaco, Jorge Capitanich.<\/p>\n<p>Al respecto, Kulfas explic\u00f3 que \u201cse est\u00e1n identificando las problem\u00e1ticas y los planes productivos de las provincias para construir juntos los instrumentos que fortalezcan las capacidades del sector privado, con eje en las pymes, para avanzar en el pa\u00eds que necesitamos\u201d.<\/p>\n<p>En tanto, el ministro Guzm\u00e1n destac\u00f3 la importancia de \u201cmejorar la infraestructura y log\u00edstica para generar un sistema productivo que permita crear trabajo de calidad, dentro de un esquema de consistencia macroecon\u00f3mica\u201d.<\/p>\n<p>A su turno, &#8216;Wado&#8217; De Pedro destac\u00f3 que &#8220;por pedido del Presidente (Alberto Fern\u00e1ndez) estamos articulando este espacio donde los gobernadores tienen un rol central en la definici\u00f3n de proyectos que potencien un crecimiento equilibrado de toda la Argentina\u201d.<\/p>\n","protected":false},"excerpt":{"rendered":"<p>Los ministros de Desarrollo Productivo, Mat\u00edas Kulfas; de Econom\u00eda, Mart\u00edn Guzm\u00e1n, y del Interior, Eduardo de Pedro, analizaron con los mandatarios las &#8220;prioridades e iniciativas de cada provincia para potenciar un desarrollo equilibrado de la Argentina&#8221; &nbsp; &nbsp; El Gobierno nacional avanza en el desarrollo de un plan federal para fijar las prioridades e iniciativas con el fin de &#8220;potenciar un desarrollo equilibrado&#8221; del pa\u00eds, en cuyo marco esta semana se reuni\u00f3 con siete gobernadores. En ese camino, ayer, los ministros de Desarrollo Productivo, Mat\u00edas Kulfas; de Econom\u00eda, Mart\u00edn Guzm\u00e1n,&#8230;<\/p>\n","protected":false},"author":3,"featured_media":64491,"comment_status":"closed","ping_status":"closed","sticky":false,"template":"","format":"standard","meta":[],"categories":[9],"tags":[],"_links":{"self":[{"href":"https:\/\/www.actualidadadiario.com\/index.php\/wp-json\/wp\/v2\/posts\/64490"}],"collection":[{"href":"https:\/\/www.actualidadadiario.com\/index.php\/wp-json\/wp\/v2\/posts"}],"about":[{"href":"https:\/\/www.actualidadadiario.com\/index.php\/wp-json\/wp\/v2\/types\/post"}],"author":[{"embeddable":true,"href":"https:\/\/www.actualidadadiario.com\/index.php\/wp-json\/wp\/v2\/users\/3"}],"replies":[{"embeddable":true,"href":"https:\/\/www.actualidadadiario.com\/index.php\/wp-json\/wp\/v2\/comments?post=64490"}],"version-history":[{"count":1,"href":"https:\/\/www.actualidadadiario.com\/index.php\/wp-json\/wp\/v2\/posts\/64490\/revisions"}],"predecessor-version":[{"id":64492,"href":"https:\/\/www.actualidadadiario.com\/index.php\/wp-json\/wp\/v2\/posts\/64490\/revisions\/64492"}],"wp:featuredmedia":[{"embeddable":true,"href":"https:\/\/www.actualidadadiario.com\/index.php\/wp-json\/wp\/v2\/media\/64491"}],"wp:attachment":[{"href":"https:\/\/www.actualidadadiario.com\/index.php\/wp-json\/wp\/v2\/media?parent=64490"}],"wp:term":[{"taxonomy":"category","embeddable":true,"href":"https:\/\/www.actualidadadiario.com\/index.php\/wp-json\/wp\/v2\/categories?post=64490"},{"taxonomy":"post_tag","embeddable":true,"href":"https:\/\/www.actualidadadiario.com\/index.php\/wp-json\/wp\/v2\/tags?post=64490"}],"curies":[{"name":"wp","href":"https:\/\/api.w.org\/{rel}","templated":true}]}}