{"id":64480,"date":"2020-07-22T13:15:42","date_gmt":"2020-07-22T16:15:42","guid":{"rendered":"https:\/\/www.actualidadadiario.com\/?p=64480"},"modified":"2020-07-30T16:02:30","modified_gmt":"2020-07-30T19:02:30","slug":"el-ejecutivo-envio-al-senado-el-listado-de-conjueces","status":"publish","type":"post","link":"https:\/\/www.actualidadadiario.com\/index.php\/2020\/07\/22\/el-ejecutivo-envio-al-senado-el-listado-de-conjueces\/","title":{"rendered":"El Ejecutivo envi\u00f3 al Senado el listado de conjueces"},"content":{"rendered":"<p style=\"text-align: center;\"><em><strong>El gobernador Gustavo Bordet envi\u00f3 al Senado la lista de conjueces para reemplazar a los integrantes del Superior Tribunal de Justicia en caso de que llegue a esa instancia una causa en la cual sus integrantes permanentes deban excusarse. Una de estas eventualidades podr\u00eda ser tener que resolver planteos de la propia magistratura sobre la inconstitucionalidad de la ley de emergencia solidaria<\/strong><\/em><\/p>\n<p>&nbsp;<\/p>\n<p>&nbsp;<\/p>\n<p><strong>Listado completo<\/strong><\/p>\n<p>Dr. Alejandro Daniel Canavesio.<\/p>\n<p>Dr. Gast\u00f3n Alberto Justet.<\/p>\n<p>Dr. Amado Emilio Siede.<\/p>\n<p>Dr. Mart\u00edn Juli\u00e1n Acevedo Mi\u00f1o.<\/p>\n<p>Dr. Ra\u00fal Enrique Barrandeguy.<\/p>\n<p>Dr. Roberto Beh\u00e9ran.<\/p>\n<p>Dr. Luis Mar\u00eda Campos.<\/p>\n<p>Dra. Mar\u00eda Susana Ben\u00edtez.<\/p>\n<p>Dr. Enrique Marciano Mart\u00ednez.<\/p>\n<p>Dr. Miguel \u00c1ngel Federik.<\/p>\n<p>Dr. Ladislao Ferm\u00edn Uz\u00edn Olleros.<\/p>\n<p>Dr. Carlos Alberto Schiavo.<\/p>\n<p>Dr. Julio Alberto Federik.<\/p>\n<p>Dra. Blanca Raquel Acosta.<\/p>\n<p>Dra. Gabriela Mar\u00eda del Carmen Ceballos.<\/p>\n<p>Dr. Alejandro Daniel Briozzo.<\/p>\n<p>Dra. Mar\u00eda Elena Romero.<\/p>\n<p>Dr. Carlos Antonio Chemez.<\/p>\n","protected":false},"excerpt":{"rendered":"<p>El gobernador Gustavo Bordet envi\u00f3 al Senado la lista de conjueces para reemplazar a los integrantes del Superior Tribunal de Justicia en caso de que llegue a esa instancia una causa en la cual sus integrantes permanentes deban excusarse. Una de estas eventualidades podr\u00eda ser tener que resolver planteos de la propia magistratura sobre la inconstitucionalidad de la ley de emergencia solidaria &nbsp; &nbsp; Listado completo Dr. Alejandro Daniel Canavesio. Dr. Gast\u00f3n Alberto Justet. Dr. Amado Emilio Siede. Dr. Mart\u00edn Juli\u00e1n Acevedo Mi\u00f1o. Dr. Ra\u00fal Enrique Barrandeguy. Dr. Roberto Beh\u00e9ran&#8230;.<\/p>\n","protected":false},"author":3,"featured_media":56822,"comment_status":"closed","ping_status":"closed","sticky":false,"template":"","format":"standard","meta":[],"categories":[15],"tags":[],"_links":{"self":[{"href":"https:\/\/www.actualidadadiario.com\/index.php\/wp-json\/wp\/v2\/posts\/64480"}],"collection":[{"href":"https:\/\/www.actualidadadiario.com\/index.php\/wp-json\/wp\/v2\/posts"}],"about":[{"href":"https:\/\/www.actualidadadiario.com\/index.php\/wp-json\/wp\/v2\/types\/post"}],"author":[{"embeddable":true,"href":"https:\/\/www.actualidadadiario.com\/index.php\/wp-json\/wp\/v2\/users\/3"}],"replies":[{"embeddable":true,"href":"https:\/\/www.actualidadadiario.com\/index.php\/wp-json\/wp\/v2\/comments?post=64480"}],"version-history":[{"count":1,"href":"https:\/\/www.actualidadadiario.com\/index.php\/wp-json\/wp\/v2\/posts\/64480\/revisions"}],"predecessor-version":[{"id":64481,"href":"https:\/\/www.actualidadadiario.com\/index.php\/wp-json\/wp\/v2\/posts\/64480\/revisions\/64481"}],"wp:featuredmedia":[{"embeddable":true,"href":"https:\/\/www.actualidadadiario.com\/index.php\/wp-json\/wp\/v2\/media\/56822"}],"wp:attachment":[{"href":"https:\/\/www.actualidadadiario.com\/index.php\/wp-json\/wp\/v2\/media?parent=64480"}],"wp:term":[{"taxonomy":"category","embeddable":true,"href":"https:\/\/www.actualidadadiario.com\/index.php\/wp-json\/wp\/v2\/categories?post=64480"},{"taxonomy":"post_tag","embeddable":true,"href":"https:\/\/www.actualidadadiario.com\/index.php\/wp-json\/wp\/v2\/tags?post=64480"}],"curies":[{"name":"wp","href":"https:\/\/api.w.org\/{rel}","templated":true}]}}