{"id":64477,"date":"2020-07-22T13:13:58","date_gmt":"2020-07-22T16:13:58","guid":{"rendered":"https:\/\/www.actualidadadiario.com\/?p=64477"},"modified":"2020-07-30T16:02:30","modified_gmt":"2020-07-30T19:02:30","slug":"bordet-anuncio-beneficios-impositivos-para-sectores-afectados-por-la-pandemia","status":"publish","type":"post","link":"https:\/\/www.actualidadadiario.com\/index.php\/2020\/07\/22\/bordet-anuncio-beneficios-impositivos-para-sectores-afectados-por-la-pandemia\/","title":{"rendered":"Bordet anunci\u00f3 beneficios impositivos para sectores afectados por la pandemia"},"content":{"rendered":"<p style=\"text-align: center;\"><em><strong>&#8220;Estas medidas dan respuestas a sectores afectados por la crisis originada por la pandemia y significan a su vez un importante esfuerzo fiscal para la provincia\u201d, dijo el gobernador Gustavo Bordet al precisar el alcance de los beneficios impositivos anunciados este martes<\/strong><\/em><\/p>\n<p>&nbsp;<\/p>\n<p>&nbsp;<\/p>\n<p>La norma difiere hasta el 31 de diciembre los vencimientos de la mayor\u00eda de los tributos provinciales a actividades del \u00e1mbito de los deportes y esparcimiento (Salones de Fiestas; Clubes; Polideportivos, Canchas, Piletas de Nataci\u00f3n y Salas de entrenamiento; Gimnasios; Ense\u00f1anza Deportiva); culturales (Museos, Cines; Teatro, Espect\u00e1culos, Recitales; Museos; Ense\u00f1anza art\u00edstica; entre otras).<\/p>\n<p>Tambi\u00e9n las vinculadas al turismo (Hoteles y Caba\u00f1as; Hoster\u00edas, Campings; y Agencias), adem\u00e1s de bares y restaurantes, y servicios de catering. El decreto incluye tambi\u00e9n el transporte de pasajeros, Interurbano; Ferroviario, Escolar; y Tur\u00edstico.<\/p>\n<p>\u201cEstamos generando desde el Estado provincial herramientas que permitan revertir una situaci\u00f3n que se presenta muy compleja\u201d, afirm\u00f3 el mandatario luego de un encuentro con la vicegobernadora Laura Stratta; y los ministros de Econom\u00eda, Hugo Ballay, y de Producci\u00f3n y Turismo, Juan Jos\u00e9 Bahillo.<\/p>\n<p>Bordet explic\u00f3 que \u201choy hemos culminado, luego de varias jornadas de trabajo, el decreto a trav\u00e9s del cual generamos beneficios impositivos para los sectores afectados por la pandemia, como el turismo, que es el que m\u00e1s ha visto resentida su actividad, pero tambi\u00e9n otros sectores que no han podido desarrollar normalmente sus actividades van a encontrar distintos mecanismos de beneficios impositivos para poder sobrellevar esta situaci\u00f3n que realmente es dif\u00edcil\u201d.<\/p>\n<p>\u201cPor otro lado \u2013 se\u00f1al\u00f3 Bordet &#8211; tambi\u00e9n estamos trabajando pensando en la post pandemia con un ambicioso programa para salir r\u00e1pidamente en apoyo de nuestros productores, de nuestros sectores de la vida econ\u00f3mica activa de la provincia, d\u00e1ndole un nuevo impulso a la obra p\u00fablica que nunca la hemos interrumpido\u201d.<\/p>\n<p>Explic\u00f3 adem\u00e1s que \u201cestamos articulando con el gobierno nacional nuevas obras que est\u00e1n a punto de iniciarse y con esto generar desde la construcci\u00f3n fuentes de trabajo que muchos entrerrianos y entrerrianas hoy est\u00e1n requiriendo\u201d.<\/p>\n<p>El mandatario resalt\u00f3 adem\u00e1s que este decreto \u201ctambi\u00e9n significa un esfuerzo fiscal importante que hace la provincia de Entre R\u00edos, entendiendo que hay que estar en apoyo de los sectores que promueven el empleo y el desarrollo en nuestro territorio\u201d.<\/p>\n<p>\u201cEs un gran esfuerzo fiscal que estamos haciendo, entendiendo la necesidad que hoy tiene nuestra econom\u00eda de poder relanzarse una vez que superemos esta pandemia\u201d, complet\u00f3 Bordet.<\/p>\n<p>&nbsp;<\/p>\n<p><strong>Diferimiento<\/strong><\/p>\n<p>El ministro de Econom\u00eda, explic\u00f3 que el decreto \u201cfundamentalmente alcanza a estas actividades que no han podido trabajar o no han podido reiniciar su trabajo\u201d y comprende pr\u00e1cticamente la totalidad de los impuestos que recauda ATER. \u201cEstamos hablando de impuesto inmobiliario, impuesto automotor, impuesto a los ingresos brutos y la ley 4035, es el diferimiento de los vencimientos de todo el segundo semestre del a\u00f1o\u201d.<\/p>\n<p>En ese sentido, indic\u00f3 que la medida &#8220;viene a complementar de alguna manera la ley de emergencia de Turismo que tambi\u00e9n aprob\u00f3 la Legislatura hace poco tiempo\u201d y precis\u00f3 que este esfuerzo fiscal ronda los 50 millones de pesos aproximadamente, es la forma desde el sector p\u00fablico, desde el gobierno, desde el Estado de poder acompa\u00f1ar a estos sectores que realmente est\u00e1n perjudicados&#8221;.<\/p>\n<p>&nbsp;<\/p>\n<p><strong>Tarifa el\u00e9ctrica<\/strong><\/p>\n<p>En otro orden, indic\u00f3 que \u201ctambi\u00e9n estamos analizando, a pedido del gobernador y en forma conjunta con el Ministerio de Producci\u00f3n, una disminuci\u00f3n en el costo que representa la contrataci\u00f3n del costo fijo que tiene la tarifa el\u00e9ctrica, tambi\u00e9n seguramente va a ser una medida que la vamos a anunciar en el corto plazo, tambi\u00e9n para estos sectores que tienen contratada la energ\u00eda y que hoy no la est\u00e1n consumiendo porque no tienen actividad\u201d.<\/p>\n<p>&nbsp;<\/p>\n<p><strong>Alcances<\/strong><\/p>\n<p>El ministro de Producci\u00f3n Juan Jos\u00e9 Bahillo, indic\u00f3 que la norma contempla varios sectores y tiene que ver fundamentalmente con aquellos que no han podido volver a la actividad econ\u00f3mica.<\/p>\n<p>Se\u00f1al\u00f3 que \u201cla actividad primaria sigui\u00f3 trabajando, las actividades industriales m\u00e1s temprano m\u00e1s tarde volvieron a retomar sus actividades m\u00e1s all\u00e1 del nivel de demanda que tienen, pero hay sectores como el turismo, la gastronom\u00eda, los gimnasios, el transporte interurbano y urbano, el transporte escolar, el transporte que est\u00e1 afectado a la actividad tur\u00edstica, y transporte est\u00e1 contemplado\u201d, detall\u00f3.<\/p>\n<p>\u201cNosotros quer\u00edamos darle una respuesta r\u00e1pida, es un diferimiento hasta 31 de diciembre, algunos son alcanzados por un impuesto, otros por otros. Por ejemplo los prestadores tur\u00edsticos, los hoteleros seguramente ser\u00e1 el diferimiento del impuesto inmobiliario y el de ingresos brutos que mayor les impacte, que mayor beneficios le traiga\u201d, sostuvo.<\/p>\n<p>Sobre los requisitos para acceder, el ministro dijo que la norma est\u00e1 en el marco de la pandemia \u201cpor lo tanto no le ponemos ning\u00fan requisito de estar al d\u00eda con nada salvo estar inscriptos y bajo la legalidad e institucionalidad que pide tanto Rentas como los dem\u00e1s organismo del Estado\u201d, puntualiz\u00f3.<\/p>\n<p>&nbsp;<\/p>\n<p><strong>Detalles del decreto<\/strong><\/p>\n<p>La norma difiere hasta el 31 de diciembre de 2020, los vencimientos del pago del impuesto a los Ingresos Brutos de los per\u00edodos devengados de julio a noviembre de 2020, los vencimientos de pago de los per\u00edodos devengados de julio a noviembre de 2020, correspondientes de los Aportes Patronales de la Ley N\u00b0 4035; los vencimientos del pago del Impuesto Inmobiliario Urbano correspondientes al 3\u00b0, 4\u00b0 y 5\u00b0 anticipo del a\u00f1o 2020; y los vencimientos del pago del Impuesto a los Automotores correspondientes al 3\u00b0 y 4\u00b0 anticipo del a\u00f1o 2020.<\/p>\n<p>Tambi\u00e9n se deja sin efecto la caducidad de pleno derecho causada por incumplimiento del pago de las cuotas con vencimiento en los meses de marzo, abril y mayo del a\u00f1o 2020 de los planes de financiaci\u00f3n otorgados bajo los reg\u00edmenes establecidos por los Decretos N\u00b0 4649\/18 MEHF y N\u00b0 4653\/18 MEHF, las cuales podr\u00e1n ser abonadas hasta el 28\/02\/2021.<\/p>\n<p>Y dispone que el incumplimiento del pago de las cuotas con vencimiento en los meses de junio a diciembre de 2020 de los planes de financiaci\u00f3n otorgados bajo los reg\u00edmenes establecidos por los Decretos N\u00b0 4649\/18 MEHF y N\u00b0 4653\/18 MEHF no producir\u00e1n la caducidad del plan, las cuales podr\u00e1n ser abonadas hasta el 28\/02\/2021.<\/p>\n","protected":false},"excerpt":{"rendered":"<p>&#8220;Estas medidas dan respuestas a sectores afectados por la crisis originada por la pandemia y significan a su vez un importante esfuerzo fiscal para la provincia\u201d, dijo el gobernador Gustavo Bordet al precisar el alcance de los beneficios impositivos anunciados este martes &nbsp; &nbsp; La norma difiere hasta el 31 de diciembre los vencimientos de la mayor\u00eda de los tributos provinciales a actividades del \u00e1mbito de los deportes y esparcimiento (Salones de Fiestas; Clubes; Polideportivos, Canchas, Piletas de Nataci\u00f3n y Salas de entrenamiento; Gimnasios; Ense\u00f1anza Deportiva); culturales (Museos, Cines; Teatro,&#8230;<\/p>\n","protected":false},"author":3,"featured_media":64478,"comment_status":"closed","ping_status":"closed","sticky":false,"template":"","format":"standard","meta":[],"categories":[9,15],"tags":[],"_links":{"self":[{"href":"https:\/\/www.actualidadadiario.com\/index.php\/wp-json\/wp\/v2\/posts\/64477"}],"collection":[{"href":"https:\/\/www.actualidadadiario.com\/index.php\/wp-json\/wp\/v2\/posts"}],"about":[{"href":"https:\/\/www.actualidadadiario.com\/index.php\/wp-json\/wp\/v2\/types\/post"}],"author":[{"embeddable":true,"href":"https:\/\/www.actualidadadiario.com\/index.php\/wp-json\/wp\/v2\/users\/3"}],"replies":[{"embeddable":true,"href":"https:\/\/www.actualidadadiario.com\/index.php\/wp-json\/wp\/v2\/comments?post=64477"}],"version-history":[{"count":1,"href":"https:\/\/www.actualidadadiario.com\/index.php\/wp-json\/wp\/v2\/posts\/64477\/revisions"}],"predecessor-version":[{"id":64479,"href":"https:\/\/www.actualidadadiario.com\/index.php\/wp-json\/wp\/v2\/posts\/64477\/revisions\/64479"}],"wp:featuredmedia":[{"embeddable":true,"href":"https:\/\/www.actualidadadiario.com\/index.php\/wp-json\/wp\/v2\/media\/64478"}],"wp:attachment":[{"href":"https:\/\/www.actualidadadiario.com\/index.php\/wp-json\/wp\/v2\/media?parent=64477"}],"wp:term":[{"taxonomy":"category","embeddable":true,"href":"https:\/\/www.actualidadadiario.com\/index.php\/wp-json\/wp\/v2\/categories?post=64477"},{"taxonomy":"post_tag","embeddable":true,"href":"https:\/\/www.actualidadadiario.com\/index.php\/wp-json\/wp\/v2\/tags?post=64477"}],"curies":[{"name":"wp","href":"https:\/\/api.w.org\/{rel}","templated":true}]}}