{"id":64472,"date":"2020-07-22T13:11:03","date_gmt":"2020-07-22T16:11:03","guid":{"rendered":"https:\/\/www.actualidadadiario.com\/?p=64472"},"modified":"2020-07-30T16:02:30","modified_gmt":"2020-07-30T19:02:30","slug":"bordet-la-situacion-epidemiologica-hace-que-no-se-pueda-volver-a-dar-clases","status":"publish","type":"post","link":"https:\/\/www.actualidadadiario.com\/index.php\/2020\/07\/22\/bordet-la-situacion-epidemiologica-hace-que-no-se-pueda-volver-a-dar-clases\/","title":{"rendered":"Bordet: &#8220;La situaci\u00f3n epidemiol\u00f3gica hace que no se pueda volver a dar clases&#8221;"},"content":{"rendered":"<p style=\"text-align: center;\"><em><strong>El gobernador Gustavo Bordet se refiri\u00f3 a la vuelta a clases luego de las vacaciones de invierno en la provincia de Entre R\u00edos. &#8220;Hay un protocolo para poner en marcha cuando est\u00e9n dadas las condiciones&#8221;, dijo<\/strong><\/em><\/p>\n<p>&nbsp;<\/p>\n<p>&nbsp;<\/p>\n<p>El gobernador Gustavo Bordet anunci\u00f3 beneficios impositivos para sectores afectados por la pandemia. Fue este martes desde el Centro Provincial de Convenciones de Paran\u00e1.<\/p>\n<p>En ese marco, tambi\u00e9n se refiri\u00f3 a la vuelta a clases luego de las vacaciones de invierno que se est\u00e1n desarrollando actualmente en la provincia de Entre R\u00edos.<\/p>\n<p>Consultado al gobernador sobre el eventual regreso a las aulas, \u00e9ste coment\u00f3 que &#8220;el protocolo est\u00e1 previsto para cuando est\u00e9n dadas las condiciones, autom\u00e1ticamente se puedan comenzar las clases&#8221;. Sin embargo, recalc\u00f3 que &#8220;en la provincia, la situaci\u00f3n epidemiol\u00f3gica hace que no se pueda volver a dar clases&#8221;.<\/p>\n<p>Bordet asegur\u00f3 que se mantiene en comunicaci\u00f3n con el ministro de Educaci\u00f3n de Naci\u00f3n, Nicol\u00e1s Trotta, &#8220;para generar obras de infraestructura que se necesitar\u00e1n para reacomodar los establecimientos la nueva normalidad; y desde la Provincia, haciendo todos los esfuerzos para garantizar todas las medidas sanitarias y que cuando el momento lo amerite, autom\u00e1ticamente, podamos volver a clases&#8221;.<\/p>\n<p>&#8220;Vamos a tener que convivir con el virus porque esta es la nueva normalidad que los tiempos nos exigen. Ni la vuelta a clases va a ser igual, ni tampoco lo ser\u00e1 la forma de circular de las personas, ni de relacionarnos, por lo menos hasta que la pandemia est\u00e9 completamente dominada en todo el mundo&#8221;, hab\u00eda dicho d\u00edas atr\u00e1s el primer mandatario entrerriano.<\/p>\n","protected":false},"excerpt":{"rendered":"<p>El gobernador Gustavo Bordet se refiri\u00f3 a la vuelta a clases luego de las vacaciones de invierno en la provincia de Entre R\u00edos. &#8220;Hay un protocolo para poner en marcha cuando est\u00e9n dadas las condiciones&#8221;, dijo &nbsp; &nbsp; El gobernador Gustavo Bordet anunci\u00f3 beneficios impositivos para sectores afectados por la pandemia. Fue este martes desde el Centro Provincial de Convenciones de Paran\u00e1. En ese marco, tambi\u00e9n se refiri\u00f3 a la vuelta a clases luego de las vacaciones de invierno que se est\u00e1n desarrollando actualmente en la provincia de Entre R\u00edos&#8230;.<\/p>\n","protected":false},"author":3,"featured_media":64493,"comment_status":"closed","ping_status":"closed","sticky":false,"template":"","format":"standard","meta":[],"categories":[15],"tags":[],"_links":{"self":[{"href":"https:\/\/www.actualidadadiario.com\/index.php\/wp-json\/wp\/v2\/posts\/64472"}],"collection":[{"href":"https:\/\/www.actualidadadiario.com\/index.php\/wp-json\/wp\/v2\/posts"}],"about":[{"href":"https:\/\/www.actualidadadiario.com\/index.php\/wp-json\/wp\/v2\/types\/post"}],"author":[{"embeddable":true,"href":"https:\/\/www.actualidadadiario.com\/index.php\/wp-json\/wp\/v2\/users\/3"}],"replies":[{"embeddable":true,"href":"https:\/\/www.actualidadadiario.com\/index.php\/wp-json\/wp\/v2\/comments?post=64472"}],"version-history":[{"count":1,"href":"https:\/\/www.actualidadadiario.com\/index.php\/wp-json\/wp\/v2\/posts\/64472\/revisions"}],"predecessor-version":[{"id":64473,"href":"https:\/\/www.actualidadadiario.com\/index.php\/wp-json\/wp\/v2\/posts\/64472\/revisions\/64473"}],"wp:featuredmedia":[{"embeddable":true,"href":"https:\/\/www.actualidadadiario.com\/index.php\/wp-json\/wp\/v2\/media\/64493"}],"wp:attachment":[{"href":"https:\/\/www.actualidadadiario.com\/index.php\/wp-json\/wp\/v2\/media?parent=64472"}],"wp:term":[{"taxonomy":"category","embeddable":true,"href":"https:\/\/www.actualidadadiario.com\/index.php\/wp-json\/wp\/v2\/categories?post=64472"},{"taxonomy":"post_tag","embeddable":true,"href":"https:\/\/www.actualidadadiario.com\/index.php\/wp-json\/wp\/v2\/tags?post=64472"}],"curies":[{"name":"wp","href":"https:\/\/api.w.org\/{rel}","templated":true}]}}