{"id":64469,"date":"2020-07-22T13:08:23","date_gmt":"2020-07-22T16:08:23","guid":{"rendered":"https:\/\/www.actualidadadiario.com\/?p=64469"},"modified":"2020-07-30T16:02:30","modified_gmt":"2020-07-30T19:02:30","slug":"las-langostas-llegaron-al-sur-del-departamento-federacion","status":"publish","type":"post","link":"https:\/\/www.actualidadadiario.com\/index.php\/2020\/07\/22\/las-langostas-llegaron-al-sur-del-departamento-federacion\/","title":{"rendered":"Las langostas llegaron al sur del departamento Federaci\u00f3n"},"content":{"rendered":"<p style=\"text-align: center;\"><em><strong>Las condiciones del tiempo propiciaron, d\u00edas atr\u00e1s, la llegada de la manga de langostas a nuestra provincia. Si bien la especie no reviste ning\u00fan tipo de peligro para las personas, alertan a propietarios de campos y productores, para estar atentos a sus cultivos<\/strong><\/em><\/p>\n<p>&nbsp;<\/p>\n<p>El aumento de la temperatura y el viento norte de las \u00faltimas horas hicieron que la manga de langostas que permanec\u00eda en Corrientes, ingresara a Entre R\u00edos por el departamento Feliciano y de ah\u00ed recorren parte de la provincia.<\/p>\n<p>Al respecto, desde la Direcci\u00f3n de Producci\u00f3n y Ambiente de Federaci\u00f3n precisaron que este martes se pudo observar el paso de la manga de langostas aproximadamente 16 horas hacia el oeste de Federaci\u00f3n, en particular a unos 15 kil\u00f3metros entre la estaci\u00f3n de servicio del kilometro 296 y Colonia La Paz. Este mi\u00e9rcoles tambi\u00e9n hallaron otra manga en Colonia La Gloria.<\/p>\n<p>De lo consultado a los habitantes del lugar, las langostas pasaron en manga sin atacar vegetales y plantas de citrus existentes en la zona.<\/p>\n<p>El recorrido, aproximado de esta manga, era a esa hora en direcci\u00f3n sur al suroeste. Rumbo estimado a la zona del Departamento Concordia.<\/p>\n<p>El Senasa est\u00e1 en estado de alerta y observaci\u00f3n por el desarrollo del vuelo de la manga por la provincia, motivo por el cual se solicita a los vecinos y productores dar aviso en caso de avistaje a las autoridades de este organismo y\/o de la Direcci\u00f3n Municipal de Producci\u00f3n y Ambiente.<\/p>\n<p>A esta hora se aguarda m\u00e1s datos sobre hacia d\u00f3nde est\u00e1n los vientos dominantes en el lugar donde se asent\u00f3 la manga esta noche para saber cu\u00e1l va a ser el movimiento que va a tener en el d\u00eda de ma\u00f1ana por lo cual se inform\u00f3 que personal de SENASA, al caer la tarde de hoy, se estacion\u00f3 en cercan\u00edas de colonia La Gloria, cercana a la colonia la Paz, porque en el amanecer del mi\u00e9rcoles fumigar\u00e1n la zona con el fin de disminuir la poblaci\u00f3n migratoria de langostas.<\/p>\n<p>Si bien debe aclararse que la langosta sudamericana -Schistocerca cancellata serville- no reviste riesgo para las personas, la misma se alimentan a su paso de vegetales, motivo por el cual se alerta a due\u00f1os de campos y productores de la zona.<\/p>\n<p>El Ministerio de Producci\u00f3n a trav\u00e9s de la Secretar\u00eda de Agricultura y Ganader\u00eda est\u00e1 trabajando en forma articulada con el Senasa, delegaci\u00f3n Entre R\u00edos, y la estaci\u00f3n Experimental Paran\u00e1 del INTA, siguiendo la evoluci\u00f3n y el desplazamiento de esta especie.<\/p>\n<p>En este sentido, se solicita a toda la comunidad agropecuaria, productores, profesionales de la agronom\u00eda, que realizan tareas rurales en esta zona de la provincia-, que est\u00e9n alertas ante la aparici\u00f3n de ejemplares de langostas.<\/p>\n<p>Para esto, el Senasa cuenta con una l\u00ednea gratuita a d\u00f3nde llamar: 0800- 999-2386, o bien dar aviso a trav\u00e9s de un correo electr\u00f3nico acridios@senasa.gob.ar .<\/p>\n<p>&nbsp;<\/p>\n<p><strong>Caracter\u00edsticas<\/strong><\/p>\n<p>Seg\u00fan un informe del INTA, los adultos tienen el aspecto t\u00edpico de una langosta y son de gran tama\u00f1o. El macho llega a medir alrededor de entre 28 a 49 mil\u00edmetros; y la hembra entre 39 a 66 mil\u00edmetros. Su coloraci\u00f3n generalmente es casta\u00f1o a verde oliva, presentando en determinados momentos del a\u00f1o, una coloraci\u00f3n rojiza.<\/p>\n<p>La langosta tiene dos modos de vida o fases: Una como insecto aislado y otra como masa gregaria, formando lo que se denomina como las famosas \u201cmangas\u201d en funci\u00f3n de la densidad poblacional y otros factores ambientales como la temperatura, humedad, alimento. Esta \u00faltima modalidad es la que provoca los mayores da\u00f1os en los cultivos y pasturas siendo muy dif\u00edcil su control. El aspecto de los individuos es coloraci\u00f3n, tama\u00f1o-, cambia de manera considerable seg\u00fan la fase en la que se encuentren. Los individuos en fase gregaria normalmente presentan una coloraci\u00f3n m\u00e1s rojiza.<\/p>\n","protected":false},"excerpt":{"rendered":"<p>Las condiciones del tiempo propiciaron, d\u00edas atr\u00e1s, la llegada de la manga de langostas a nuestra provincia. Si bien la especie no reviste ning\u00fan tipo de peligro para las personas, alertan a propietarios de campos y productores, para estar atentos a sus cultivos &nbsp; El aumento de la temperatura y el viento norte de las \u00faltimas horas hicieron que la manga de langostas que permanec\u00eda en Corrientes, ingresara a Entre R\u00edos por el departamento Feliciano y de ah\u00ed recorren parte de la provincia. Al respecto, desde la Direcci\u00f3n de Producci\u00f3n&#8230;<\/p>\n","protected":false},"author":3,"featured_media":64470,"comment_status":"closed","ping_status":"closed","sticky":false,"template":"","format":"standard","meta":[],"categories":[15],"tags":[],"_links":{"self":[{"href":"https:\/\/www.actualidadadiario.com\/index.php\/wp-json\/wp\/v2\/posts\/64469"}],"collection":[{"href":"https:\/\/www.actualidadadiario.com\/index.php\/wp-json\/wp\/v2\/posts"}],"about":[{"href":"https:\/\/www.actualidadadiario.com\/index.php\/wp-json\/wp\/v2\/types\/post"}],"author":[{"embeddable":true,"href":"https:\/\/www.actualidadadiario.com\/index.php\/wp-json\/wp\/v2\/users\/3"}],"replies":[{"embeddable":true,"href":"https:\/\/www.actualidadadiario.com\/index.php\/wp-json\/wp\/v2\/comments?post=64469"}],"version-history":[{"count":1,"href":"https:\/\/www.actualidadadiario.com\/index.php\/wp-json\/wp\/v2\/posts\/64469\/revisions"}],"predecessor-version":[{"id":64471,"href":"https:\/\/www.actualidadadiario.com\/index.php\/wp-json\/wp\/v2\/posts\/64469\/revisions\/64471"}],"wp:featuredmedia":[{"embeddable":true,"href":"https:\/\/www.actualidadadiario.com\/index.php\/wp-json\/wp\/v2\/media\/64470"}],"wp:attachment":[{"href":"https:\/\/www.actualidadadiario.com\/index.php\/wp-json\/wp\/v2\/media?parent=64469"}],"wp:term":[{"taxonomy":"category","embeddable":true,"href":"https:\/\/www.actualidadadiario.com\/index.php\/wp-json\/wp\/v2\/categories?post=64469"},{"taxonomy":"post_tag","embeddable":true,"href":"https:\/\/www.actualidadadiario.com\/index.php\/wp-json\/wp\/v2\/tags?post=64469"}],"curies":[{"name":"wp","href":"https:\/\/api.w.org\/{rel}","templated":true}]}}