{"id":64450,"date":"2020-07-20T13:50:27","date_gmt":"2020-07-20T16:50:27","guid":{"rendered":"https:\/\/www.actualidadadiario.com\/?p=64450"},"modified":"2020-07-30T16:02:30","modified_gmt":"2020-07-30T19:02:30","slug":"fabiola-yanez-apoyo-hoy-el-proyecto-de-ley-de-fibrosis-quistica","status":"publish","type":"post","link":"https:\/\/www.actualidadadiario.com\/index.php\/2020\/07\/20\/fabiola-yanez-apoyo-hoy-el-proyecto-de-ley-de-fibrosis-quistica\/","title":{"rendered":"Fabiola Ya\u00f1ez apoy\u00f3 hoy el proyecto de Ley de Fibrosis Qu\u00edstica"},"content":{"rendered":"<p style=\"text-align: center;\"><em><strong>La primera dama, Fabiola Ya\u00f1ez, apoy\u00f3 hoy el proyecto de Ley de Fibrosis Qu\u00edstica de P\u00e1ncreas y Mucoviscidosis que tiene la media sanci\u00f3n de Diputados y que ma\u00f1ana se tratar\u00e1 en el Plenario de Comisiones del Senado de la Naci\u00f3n, para avanzar en la iniciativa que tiene media sanci\u00f3n en la C\u00e1mara Baja<\/strong><\/em><\/p>\n<p>&nbsp;<\/p>\n<p>La esposa del presidente Fern\u00e1ndez se sum\u00f3 a la medida que busca &#8220;Declarar de inter\u00e9s Nacional la lucha contra la enfermedad de Fibrosis Qu\u00edstica de p\u00e1ncreas o mucoviscidosis&#8221;, que propicia &#8220;la detecci\u00f3n e investigaci\u00f3n de sus agentes causales&#8221;, como as\u00ed tambi\u00e9n &#8220;el diagn\u00f3stico, tratamiento, prevenci\u00f3n, asistencia y rehabilitaci\u00f3n&#8221;, incluyendo sus &#8220;patolog\u00edas derivadas&#8221; y &#8220;educaci\u00f3n&#8221; sobre dicha afecci\u00f3n.<\/p>\n<p>&#8220;Muchos argentinos sufren de fibrosis qu\u00edstica, una enfermedad cr\u00f3nica y hereditaria que afecta la capacidad pulmonar y ocasiona serios problemas digestivos e infecciones que pueden ser mortales&#8221;, precis\u00f3 Y\u00e1\u00f1ez mediante una comunicaci\u00f3n oficial, donde inform\u00f3 que de acuerdo con el Registro Nacional de Fibrosis Qu\u00edstica &#8220;en la Argentina nacen entre 80 y 100 ni\u00f1os por a\u00f1o, que padecen esta enfermedad&#8221;.<\/p>\n<p>Con su adhesi\u00f3n a dicha normativa, la primera dama se mostr\u00f3 &#8220;atenta a cuestiones sociales&#8221; en esta oportunidad acerca de la &#8220;necesidad&#8221; de apoyar a las personas &#8220;afectadas&#8221; por dicha patolog\u00eda, para que &#8220;tengan un mayor bienestar, pudiendo sobrellevar mejor la enfermedad&#8221;.<\/p>\n","protected":false},"excerpt":{"rendered":"<p>La primera dama, Fabiola Ya\u00f1ez, apoy\u00f3 hoy el proyecto de Ley de Fibrosis Qu\u00edstica de P\u00e1ncreas y Mucoviscidosis que tiene la media sanci\u00f3n de Diputados y que ma\u00f1ana se tratar\u00e1 en el Plenario de Comisiones del Senado de la Naci\u00f3n, para avanzar en la iniciativa que tiene media sanci\u00f3n en la C\u00e1mara Baja &nbsp; La esposa del presidente Fern\u00e1ndez se sum\u00f3 a la medida que busca &#8220;Declarar de inter\u00e9s Nacional la lucha contra la enfermedad de Fibrosis Qu\u00edstica de p\u00e1ncreas o mucoviscidosis&#8221;, que propicia &#8220;la detecci\u00f3n e investigaci\u00f3n de sus&#8230;<\/p>\n","protected":false},"author":3,"featured_media":64451,"comment_status":"closed","ping_status":"closed","sticky":false,"template":"","format":"standard","meta":[],"categories":[18],"tags":[],"_links":{"self":[{"href":"https:\/\/www.actualidadadiario.com\/index.php\/wp-json\/wp\/v2\/posts\/64450"}],"collection":[{"href":"https:\/\/www.actualidadadiario.com\/index.php\/wp-json\/wp\/v2\/posts"}],"about":[{"href":"https:\/\/www.actualidadadiario.com\/index.php\/wp-json\/wp\/v2\/types\/post"}],"author":[{"embeddable":true,"href":"https:\/\/www.actualidadadiario.com\/index.php\/wp-json\/wp\/v2\/users\/3"}],"replies":[{"embeddable":true,"href":"https:\/\/www.actualidadadiario.com\/index.php\/wp-json\/wp\/v2\/comments?post=64450"}],"version-history":[{"count":1,"href":"https:\/\/www.actualidadadiario.com\/index.php\/wp-json\/wp\/v2\/posts\/64450\/revisions"}],"predecessor-version":[{"id":64452,"href":"https:\/\/www.actualidadadiario.com\/index.php\/wp-json\/wp\/v2\/posts\/64450\/revisions\/64452"}],"wp:featuredmedia":[{"embeddable":true,"href":"https:\/\/www.actualidadadiario.com\/index.php\/wp-json\/wp\/v2\/media\/64451"}],"wp:attachment":[{"href":"https:\/\/www.actualidadadiario.com\/index.php\/wp-json\/wp\/v2\/media?parent=64450"}],"wp:term":[{"taxonomy":"category","embeddable":true,"href":"https:\/\/www.actualidadadiario.com\/index.php\/wp-json\/wp\/v2\/categories?post=64450"},{"taxonomy":"post_tag","embeddable":true,"href":"https:\/\/www.actualidadadiario.com\/index.php\/wp-json\/wp\/v2\/tags?post=64450"}],"curies":[{"name":"wp","href":"https:\/\/api.w.org\/{rel}","templated":true}]}}