{"id":64447,"date":"2020-07-20T13:49:42","date_gmt":"2020-07-20T16:49:42","guid":{"rendered":"https:\/\/www.actualidadadiario.com\/?p=64447"},"modified":"2020-07-30T16:02:31","modified_gmt":"2020-07-30T19:02:31","slug":"procesaron-a-iguacel-y-saravia-frias-por-las-irregularidades-en-los-peajes","status":"publish","type":"post","link":"https:\/\/www.actualidadadiario.com\/index.php\/2020\/07\/20\/procesaron-a-iguacel-y-saravia-frias-por-las-irregularidades-en-los-peajes\/","title":{"rendered":"Procesaron a Iguacel y Saravia Fr\u00edas por las irregularidades en los peajes"},"content":{"rendered":"<p style=\"text-align: center;\"><em><strong>Lo determin\u00f3 el juez Canicoba Corral, a d\u00edas de jubilarse. Los ex funcionarios macristas se hab\u00edan negado a declarar. Fijan fecha para las indagatorias a Dujovne y Dietrich<\/strong><\/em><\/p>\n<p>&nbsp;<\/p>\n<p>&nbsp;<\/p>\n<p>El juez federal Rodolfo Canicoba Corral proces\u00f3 este lunes a los ex funcionarios macristas Javier Iguacel y Bernardo Saravia Fr\u00edas por las presuntas irregularidades en las concesiones de los peajes de las autopistas a una empresa de la familia Macri.<\/p>\n<p>El ex director de Vialidad Nacional y el ex Procurador del Tesoro se hab\u00edan negado a declarar ante Canicoba en las indagatorias por videoconferencia de la semana pasada, cuando se limitaron a presentar un escrito y no quisieron escuchar las preguntas del juez.<\/p>\n<p>El magistrado, que d\u00edas atr\u00e1s anunci\u00f3 que se jubila a fin de mes cuando cumpla los 75 a\u00f1os, los acusa del delito de administraci\u00f3n fraudulenta en perjuicio de la administraci\u00f3n p\u00fablica y les trab\u00f3 un embargo de 500 millones de pesos, seg\u00fan adelant\u00f3 C5N.<\/p>\n<p>Canicoba tambi\u00e9n defini\u00f3 las fechas para las indagatorias de Guillermo Dietrich y Nicolas Dujovne, los otros funcionarios macristas involucrados en la causa. El ex ministro de Transporte deber\u00e1 comparecer el pr\u00f3ximo viernes 24 de julio, mientras que el ex titular de Econom\u00eda lo har\u00e1 el pr\u00f3ximo lunes 27 de julio.<\/p>\n<p>La estrategia de los acusados hasta ahora fue id\u00e9ntica: negarse a declarar y recusar a Canicoba. Se espera que Dietrich y Dujovne sigan esos pasos. El procesamiento de Iguacel y Saravia Fr\u00edas podr\u00eda ser un anticipo de que el magistrado tomar\u00e1 la misma decisi\u00f3n sobre ellos, acaso la \u00faltima medida rutilante que tome como juez federal.<\/p>\n<p>En la causa se investigan presuntas irregularidades en la renegociaci\u00f3n de contratos de concesionarias de peajes en las autopistas Panamericana y Acceso Oeste que habr\u00edan beneficiado a empresas vinculadas a Mauricio Macri.<\/p>\n<p>Adem\u00e1s, se investiga el pago a las empresas concesionarias de unos 500 millones de d\u00f3lares como compensaci\u00f3n por &#8220;inversiones no amortizadas&#8221;. Los contratos se renegociaron hasta 2030.<\/p>\n","protected":false},"excerpt":{"rendered":"<p>Lo determin\u00f3 el juez Canicoba Corral, a d\u00edas de jubilarse. Los ex funcionarios macristas se hab\u00edan negado a declarar. Fijan fecha para las indagatorias a Dujovne y Dietrich &nbsp; &nbsp; El juez federal Rodolfo Canicoba Corral proces\u00f3 este lunes a los ex funcionarios macristas Javier Iguacel y Bernardo Saravia Fr\u00edas por las presuntas irregularidades en las concesiones de los peajes de las autopistas a una empresa de la familia Macri. El ex director de Vialidad Nacional y el ex Procurador del Tesoro se hab\u00edan negado a declarar ante Canicoba en&#8230;<\/p>\n","protected":false},"author":3,"featured_media":64448,"comment_status":"closed","ping_status":"closed","sticky":false,"template":"","format":"standard","meta":[],"categories":[18],"tags":[],"_links":{"self":[{"href":"https:\/\/www.actualidadadiario.com\/index.php\/wp-json\/wp\/v2\/posts\/64447"}],"collection":[{"href":"https:\/\/www.actualidadadiario.com\/index.php\/wp-json\/wp\/v2\/posts"}],"about":[{"href":"https:\/\/www.actualidadadiario.com\/index.php\/wp-json\/wp\/v2\/types\/post"}],"author":[{"embeddable":true,"href":"https:\/\/www.actualidadadiario.com\/index.php\/wp-json\/wp\/v2\/users\/3"}],"replies":[{"embeddable":true,"href":"https:\/\/www.actualidadadiario.com\/index.php\/wp-json\/wp\/v2\/comments?post=64447"}],"version-history":[{"count":1,"href":"https:\/\/www.actualidadadiario.com\/index.php\/wp-json\/wp\/v2\/posts\/64447\/revisions"}],"predecessor-version":[{"id":64449,"href":"https:\/\/www.actualidadadiario.com\/index.php\/wp-json\/wp\/v2\/posts\/64447\/revisions\/64449"}],"wp:featuredmedia":[{"embeddable":true,"href":"https:\/\/www.actualidadadiario.com\/index.php\/wp-json\/wp\/v2\/media\/64448"}],"wp:attachment":[{"href":"https:\/\/www.actualidadadiario.com\/index.php\/wp-json\/wp\/v2\/media?parent=64447"}],"wp:term":[{"taxonomy":"category","embeddable":true,"href":"https:\/\/www.actualidadadiario.com\/index.php\/wp-json\/wp\/v2\/categories?post=64447"},{"taxonomy":"post_tag","embeddable":true,"href":"https:\/\/www.actualidadadiario.com\/index.php\/wp-json\/wp\/v2\/tags?post=64447"}],"curies":[{"name":"wp","href":"https:\/\/api.w.org\/{rel}","templated":true}]}}